{"id":8570,"date":"2019-01-31T09:39:59","date_gmt":"2019-01-31T09:39:59","guid":{"rendered":"https:\/\/mallorcaleads.eu\/?p=8570"},"modified":"2022-05-20T10:42:30","modified_gmt":"2022-05-20T10:42:30","slug":"winter-networking-2019","status":"publish","type":"post","link":"https:\/\/www.mallorcaleads.com\/es\/magazine\/networks\/winter-networking-2019\/","title":{"rendered":"Winter Networking 2019"},"content":{"rendered":"<p>MallorcaLeads se encarg\u00f3 de organizar un evento experiencial para presentar al sector las vers\u00e1tiles instalaciones de <a href=\"https:\/\/www.mallorcaleads.com\/proveedores-mice\/central-studios-mallorca\/\">Central Studios Mallorca<\/a>. El pasado 31 de enero, logr\u00f3 reunir a 130 profesionales de la organizaci\u00f3n de MICE en una exitosa velada que sirvi\u00f3 para mostrarles, de primera mano, todas las posibilidades de los espacios interiores y exteriores de este venue ubicado en una antigua f\u00e1brica de zapatos de Binissalem (Mallorca).<\/p>\n<p>Los asistentes disfrutaron de un showcooking del chef Santi Taura, as\u00ed como de actuaciones en vivo y una sesi\u00f3n final de chill-out. El evento cont\u00f3 con la colaboraci\u00f3n de Events Santi Taura, Circ Bover, The Good Ones Productions, Visionarea, Contempor\u00e1nea Music, Carpe Diem, <a href=\"https:\/\/www.mallorcaleads.com\/proveedores-mice\/pinup-azafatas-y-eventos\/\">Pinup Azafatas<\/a> o Angel Romero DJ.<\/p>\n<p>Sin duda, el <em>know how <\/em>de MallorcaLeads hizo, de nuevo, que este networking de invierno llenara a los profesionales de energ\u00eda, nuevas ideas y contactos \u00fatiles para su negocio.<\/p>\n","protected":false},"excerpt":{"rendered":"<p>MallorcaLeads se encarg\u00f3 de organizar un evento experiencial para presentar al sector las vers\u00e1tiles instalaciones de Central Studios Mallorca. El pasado 31 de enero, logr\u00f3 reunir a 130 profesionales de [&hellip;]<\/p>\n","protected":false},"author":1,"featured_media":8571,"comment_status":"open","ping_status":"open","sticky":false,"template":"","format":"standard","meta":{"_acf_changed":false,"inline_featured_image":false,"footnotes":""},"categories":[73],"tags":[],"class_list":["post-8570","post","type-post","status-publish","format-standard","has-post-thumbnail","hentry","category-networks"],"acf":[],"yoast_head":"<!-- This site is optimized with the Yoast SEO plugin v27.2 - https:\/\/yoast.com\/product\/yoast-seo-wordpress\/ -->\n<title>Winter Networking 2019 - MallorcaLeads<\/title>\n<meta name=\"robots\" content=\"index, follow, max-snippet:-1, max-image-preview:large, max-video-preview:-1\" \/>\n<link rel=\"canonical\" href=\"https:\/\/www.mallorcaleads.com\/es\/magazine\/networks\/winter-networking-2019\/\" \/>\n<meta property=\"og:locale\" content=\"es_ES\" \/>\n<meta property=\"og:type\" content=\"article\" \/>\n<meta property=\"og:title\" content=\"Winter Networking 2019 - MallorcaLeads\" \/>\n<meta property=\"og:description\" content=\"MallorcaLeads se encarg\u00f3 de organizar un evento experiencial para presentar al sector las vers\u00e1tiles instalaciones de Central Studios Mallorca. El pasado 31 de enero, logr\u00f3 reunir a 130 profesionales de [&hellip;]\" \/>\n<meta property=\"og:url\" content=\"https:\/\/www.mallorcaleads.com\/es\/magazine\/networks\/winter-networking-2019\/\" \/>\n<meta property=\"og:site_name\" content=\"MallorcaLeads\" \/>\n<meta property=\"article:publisher\" content=\"https:\/\/www.facebook.com\/mallorcaleads\/\" \/>\n<meta property=\"article:published_time\" content=\"2019-01-31T09:39:59+00:00\" \/>\n<meta property=\"article:modified_time\" content=\"2022-05-20T10:42:30+00:00\" \/>\n<meta property=\"og:image\" content=\"https:\/\/www.mallorcaleads.com\/wp-content\/uploads\/2021\/11\/WinterNetworking_Central-Studios.jpg\" \/>\n\t<meta property=\"og:image:width\" content=\"1600\" \/>\n\t<meta property=\"og:image:height\" content=\"1067\" \/>\n\t<meta property=\"og:image:type\" content=\"image\/jpeg\" \/>\n<meta name=\"author\" content=\"adminsom2\" \/>\n<meta name=\"twitter:card\" content=\"summary_large_image\" \/>\n<meta name=\"twitter:label1\" content=\"Escrito por\" \/>\n\t<meta name=\"twitter:data1\" content=\"adminsom2\" \/>\n\t<meta name=\"twitter:label2\" content=\"Tiempo de lectura\" \/>\n\t<meta name=\"twitter:data2\" content=\"1 minuto\" \/>\n<script type=\"application\/ld+json\" class=\"yoast-schema-graph\">{\"@context\":\"https:\/\/schema.org\",\"@graph\":[{\"@type\":\"Article\",\"@id\":\"https:\/\/www.mallorcaleads.com\/es\/magazine\/networks\/winter-networking-2019\/#article\",\"isPartOf\":{\"@id\":\"https:\/\/www.mallorcaleads.com\/es\/magazine\/networks\/winter-networking-2019\/\"},\"author\":{\"name\":\"adminsom2\",\"@id\":\"https:\/\/www.mallorcaleads.com\/es\/#\/schema\/person\/48a41a2ea5c1cbcdb04030a08912fbd8\"},\"headline\":\"Winter Networking 2019\",\"datePublished\":\"2019-01-31T09:39:59+00:00\",\"dateModified\":\"2022-05-20T10:42:30+00:00\",\"mainEntityOfPage\":{\"@id\":\"https:\/\/www.mallorcaleads.com\/es\/magazine\/networks\/winter-networking-2019\/\"},\"wordCount\":152,\"commentCount\":0,\"publisher\":{\"@id\":\"https:\/\/www.mallorcaleads.com\/es\/#organization\"},\"image\":{\"@id\":\"https:\/\/www.mallorcaleads.com\/es\/magazine\/networks\/winter-networking-2019\/#primaryimage\"},\"thumbnailUrl\":\"https:\/\/www.mallorcaleads.com\/wp-content\/uploads\/2021\/11\/WinterNetworking_Central-Studios.jpg\",\"articleSection\":[\"Networks\"],\"inLanguage\":\"es\",\"potentialAction\":[{\"@type\":\"CommentAction\",\"name\":\"Comment\",\"target\":[\"https:\/\/www.mallorcaleads.com\/es\/magazine\/networks\/winter-networking-2019\/#respond\"]}]},{\"@type\":\"WebPage\",\"@id\":\"https:\/\/www.mallorcaleads.com\/es\/magazine\/networks\/winter-networking-2019\/\",\"url\":\"https:\/\/www.mallorcaleads.com\/es\/magazine\/networks\/winter-networking-2019\/\",\"name\":\"Winter Networking 2019 - MallorcaLeads\",\"isPartOf\":{\"@id\":\"https:\/\/www.mallorcaleads.com\/es\/#website\"},\"primaryImageOfPage\":{\"@id\":\"https:\/\/www.mallorcaleads.com\/es\/magazine\/networks\/winter-networking-2019\/#primaryimage\"},\"image\":{\"@id\":\"https:\/\/www.mallorcaleads.com\/es\/magazine\/networks\/winter-networking-2019\/#primaryimage\"},\"thumbnailUrl\":\"https:\/\/www.mallorcaleads.com\/wp-content\/uploads\/2021\/11\/WinterNetworking_Central-Studios.jpg\",\"datePublished\":\"2019-01-31T09:39:59+00:00\",\"dateModified\":\"2022-05-20T10:42:30+00:00\",\"breadcrumb\":{\"@id\":\"https:\/\/www.mallorcaleads.com\/es\/magazine\/networks\/winter-networking-2019\/#breadcrumb\"},\"inLanguage\":\"es\",\"potentialAction\":[{\"@type\":\"ReadAction\",\"target\":[\"https:\/\/www.mallorcaleads.com\/es\/magazine\/networks\/winter-networking-2019\/\"]}]},{\"@type\":\"ImageObject\",\"inLanguage\":\"es\",\"@id\":\"https:\/\/www.mallorcaleads.com\/es\/magazine\/networks\/winter-networking-2019\/#primaryimage\",\"url\":\"https:\/\/www.mallorcaleads.com\/wp-content\/uploads\/2021\/11\/WinterNetworking_Central-Studios.jpg\",\"contentUrl\":\"https:\/\/www.mallorcaleads.com\/wp-content\/uploads\/2021\/11\/WinterNetworking_Central-Studios.jpg\",\"width\":1600,\"height\":1067},{\"@type\":\"BreadcrumbList\",\"@id\":\"https:\/\/www.mallorcaleads.com\/es\/magazine\/networks\/winter-networking-2019\/#breadcrumb\",\"itemListElement\":[{\"@type\":\"ListItem\",\"position\":1,\"name\":\"Portada\",\"item\":\"https:\/\/www.mallorcaleads.com\/es\/\"},{\"@type\":\"ListItem\",\"position\":2,\"name\":\"Winter Networking 2019\"}]},{\"@type\":\"WebSite\",\"@id\":\"https:\/\/www.mallorcaleads.com\/es\/#website\",\"url\":\"https:\/\/www.mallorcaleads.com\/es\/\",\"name\":\"MallorcaLeads\",\"description\":\"Organizaci\u00f3n de eventos en Mallorca. Consultor\u00eda gratuita.\",\"publisher\":{\"@id\":\"https:\/\/www.mallorcaleads.com\/es\/#organization\"},\"potentialAction\":[{\"@type\":\"SearchAction\",\"target\":{\"@type\":\"EntryPoint\",\"urlTemplate\":\"https:\/\/www.mallorcaleads.com\/es\/?s={search_term_string}\"},\"query-input\":{\"@type\":\"PropertyValueSpecification\",\"valueRequired\":true,\"valueName\":\"search_term_string\"}}],\"inLanguage\":\"es\"},{\"@type\":\"Organization\",\"@id\":\"https:\/\/www.mallorcaleads.com\/es\/#organization\",\"name\":\"Mallorcaleads\",\"url\":\"https:\/\/www.mallorcaleads.com\/es\/\",\"logo\":{\"@type\":\"ImageObject\",\"inLanguage\":\"es\",\"@id\":\"https:\/\/www.mallorcaleads.com\/es\/#\/schema\/logo\/image\/\",\"url\":\"https:\/\/www.mallorcaleads.com\/wp-content\/uploads\/2023\/12\/mallorcaleads-logo-negro.svg\",\"contentUrl\":\"https:\/\/www.mallorcaleads.com\/wp-content\/uploads\/2023\/12\/mallorcaleads-logo-negro.svg\",\"width\":\"1024\",\"height\":\"1024\",\"caption\":\"Mallorcaleads\"},\"image\":{\"@id\":\"https:\/\/www.mallorcaleads.com\/es\/#\/schema\/logo\/image\/\"},\"sameAs\":[\"https:\/\/www.facebook.com\/mallorcaleads\/\",\"https:\/\/www.instagram.com\/mallorcaleads\/\",\"https:\/\/es.linkedin.com\/company\/mallorcaleads\",\"https:\/\/www.youtube.com\/channel\/UCHsLT6PzPAiCSK8vEsAYoMg\/videos?sort=dd&shelf_id=0\"]},{\"@type\":\"Person\",\"@id\":\"https:\/\/www.mallorcaleads.com\/es\/#\/schema\/person\/48a41a2ea5c1cbcdb04030a08912fbd8\",\"name\":\"adminsom2\",\"sameAs\":[\"https:\/\/www.mallorcaleads.com\"]}]}<\/script>\n<!-- \/ Yoast SEO plugin. -->","yoast_head_json":{"title":"Winter Networking 2019 - MallorcaLeads","robots":{"index":"index","follow":"follow","max-snippet":"max-snippet:-1","max-image-preview":"max-image-preview:large","max-video-preview":"max-video-preview:-1"},"canonical":"https:\/\/www.mallorcaleads.com\/es\/magazine\/networks\/winter-networking-2019\/","og_locale":"es_ES","og_type":"article","og_title":"Winter Networking 2019 - MallorcaLeads","og_description":"MallorcaLeads se encarg\u00f3 de organizar un evento experiencial para presentar al sector las vers\u00e1tiles instalaciones de Central Studios Mallorca. El pasado 31 de enero, logr\u00f3 reunir a 130 profesionales de [&hellip;]","og_url":"https:\/\/www.mallorcaleads.com\/es\/magazine\/networks\/winter-networking-2019\/","og_site_name":"MallorcaLeads","article_publisher":"https:\/\/www.facebook.com\/mallorcaleads\/","article_published_time":"2019-01-31T09:39:59+00:00","article_modified_time":"2022-05-20T10:42:30+00:00","og_image":[{"width":1600,"height":1067,"url":"https:\/\/www.mallorcaleads.com\/wp-content\/uploads\/2021\/11\/WinterNetworking_Central-Studios.jpg","type":"image\/jpeg"}],"author":"adminsom2","twitter_card":"summary_large_image","twitter_misc":{"Escrito por":"adminsom2","Tiempo de lectura":"1 minuto"},"schema":{"@context":"https:\/\/schema.org","@graph":[{"@type":"Article","@id":"https:\/\/www.mallorcaleads.com\/es\/magazine\/networks\/winter-networking-2019\/#article","isPartOf":{"@id":"https:\/\/www.mallorcaleads.com\/es\/magazine\/networks\/winter-networking-2019\/"},"author":{"name":"adminsom2","@id":"https:\/\/www.mallorcaleads.com\/es\/#\/schema\/person\/48a41a2ea5c1cbcdb04030a08912fbd8"},"headline":"Winter Networking 2019","datePublished":"2019-01-31T09:39:59+00:00","dateModified":"2022-05-20T10:42:30+00:00","mainEntityOfPage":{"@id":"https:\/\/www.mallorcaleads.com\/es\/magazine\/networks\/winter-networking-2019\/"},"wordCount":152,"commentCount":0,"publisher":{"@id":"https:\/\/www.mallorcaleads.com\/es\/#organization"},"image":{"@id":"https:\/\/www.mallorcaleads.com\/es\/magazine\/networks\/winter-networking-2019\/#primaryimage"},"thumbnailUrl":"https:\/\/www.mallorcaleads.com\/wp-content\/uploads\/2021\/11\/WinterNetworking_Central-Studios.jpg","articleSection":["Networks"],"inLanguage":"es","potentialAction":[{"@type":"CommentAction","name":"Comment","target":["https:\/\/www.mallorcaleads.com\/es\/magazine\/networks\/winter-networking-2019\/#respond"]}]},{"@type":"WebPage","@id":"https:\/\/www.mallorcaleads.com\/es\/magazine\/networks\/winter-networking-2019\/","url":"https:\/\/www.mallorcaleads.com\/es\/magazine\/networks\/winter-networking-2019\/","name":"Winter Networking 2019 - MallorcaLeads","isPartOf":{"@id":"https:\/\/www.mallorcaleads.com\/es\/#website"},"primaryImageOfPage":{"@id":"https:\/\/www.mallorcaleads.com\/es\/magazine\/networks\/winter-networking-2019\/#primaryimage"},"image":{"@id":"https:\/\/www.mallorcaleads.com\/es\/magazine\/networks\/winter-networking-2019\/#primaryimage"},"thumbnailUrl":"https:\/\/www.mallorcaleads.com\/wp-content\/uploads\/2021\/11\/WinterNetworking_Central-Studios.jpg","datePublished":"2019-01-31T09:39:59+00:00","dateModified":"2022-05-20T10:42:30+00:00","breadcrumb":{"@id":"https:\/\/www.mallorcaleads.com\/es\/magazine\/networks\/winter-networking-2019\/#breadcrumb"},"inLanguage":"es","potentialAction":[{"@type":"ReadAction","target":["https:\/\/www.mallorcaleads.com\/es\/magazine\/networks\/winter-networking-2019\/"]}]},{"@type":"ImageObject","inLanguage":"es","@id":"https:\/\/www.mallorcaleads.com\/es\/magazine\/networks\/winter-networking-2019\/#primaryimage","url":"https:\/\/www.mallorcaleads.com\/wp-content\/uploads\/2021\/11\/WinterNetworking_Central-Studios.jpg","contentUrl":"https:\/\/www.mallorcaleads.com\/wp-content\/uploads\/2021\/11\/WinterNetworking_Central-Studios.jpg","width":1600,"height":1067},{"@type":"BreadcrumbList","@id":"https:\/\/www.mallorcaleads.com\/es\/magazine\/networks\/winter-networking-2019\/#breadcrumb","itemListElement":[{"@type":"ListItem","position":1,"name":"Portada","item":"https:\/\/www.mallorcaleads.com\/es\/"},{"@type":"ListItem","position":2,"name":"Winter Networking 2019"}]},{"@type":"WebSite","@id":"https:\/\/www.mallorcaleads.com\/es\/#website","url":"https:\/\/www.mallorcaleads.com\/es\/","name":"MallorcaLeads","description":"Organizaci\u00f3n de eventos en Mallorca. Consultor\u00eda gratuita.","publisher":{"@id":"https:\/\/www.mallorcaleads.com\/es\/#organization"},"potentialAction":[{"@type":"SearchAction","target":{"@type":"EntryPoint","urlTemplate":"https:\/\/www.mallorcaleads.com\/es\/?s={search_term_string}"},"query-input":{"@type":"PropertyValueSpecification","valueRequired":true,"valueName":"search_term_string"}}],"inLanguage":"es"},{"@type":"Organization","@id":"https:\/\/www.mallorcaleads.com\/es\/#organization","name":"Mallorcaleads","url":"https:\/\/www.mallorcaleads.com\/es\/","logo":{"@type":"ImageObject","inLanguage":"es","@id":"https:\/\/www.mallorcaleads.com\/es\/#\/schema\/logo\/image\/","url":"https:\/\/www.mallorcaleads.com\/wp-content\/uploads\/2023\/12\/mallorcaleads-logo-negro.svg","contentUrl":"https:\/\/www.mallorcaleads.com\/wp-content\/uploads\/2023\/12\/mallorcaleads-logo-negro.svg","width":"1024","height":"1024","caption":"Mallorcaleads"},"image":{"@id":"https:\/\/www.mallorcaleads.com\/es\/#\/schema\/logo\/image\/"},"sameAs":["https:\/\/www.facebook.com\/mallorcaleads\/","https:\/\/www.instagram.com\/mallorcaleads\/","https:\/\/es.linkedin.com\/company\/mallorcaleads","https:\/\/www.youtube.com\/channel\/UCHsLT6PzPAiCSK8vEsAYoMg\/videos?sort=dd&shelf_id=0"]},{"@type":"Person","@id":"https:\/\/www.mallorcaleads.com\/es\/#\/schema\/person\/48a41a2ea5c1cbcdb04030a08912fbd8","name":"adminsom2","sameAs":["https:\/\/www.mallorcaleads.com"]}]}},"_links":{"self":[{"href":"https:\/\/www.mallorcaleads.com\/es\/wp-json\/wp\/v2\/posts\/8570","targetHints":{"allow":["GET"]}}],"collection":[{"href":"https:\/\/www.mallorcaleads.com\/es\/wp-json\/wp\/v2\/posts"}],"about":[{"href":"https:\/\/www.mallorcaleads.com\/es\/wp-json\/wp\/v2\/types\/post"}],"author":[{"embeddable":true,"href":"https:\/\/www.mallorcaleads.com\/es\/wp-json\/wp\/v2\/users\/1"}],"replies":[{"embeddable":true,"href":"https:\/\/www.mallorcaleads.com\/es\/wp-json\/wp\/v2\/comments?post=8570"}],"version-history":[{"count":0,"href":"https:\/\/www.mallorcaleads.com\/es\/wp-json\/wp\/v2\/posts\/8570\/revisions"}],"wp:featuredmedia":[{"embeddable":true,"href":"https:\/\/www.mallorcaleads.com\/es\/wp-json\/wp\/v2\/media\/8571"}],"wp:attachment":[{"href":"https:\/\/www.mallorcaleads.com\/es\/wp-json\/wp\/v2\/media?parent=8570"}],"wp:term":[{"taxonomy":"category","embeddable":true,"href":"https:\/\/www.mallorcaleads.com\/es\/wp-json\/wp\/v2\/categories?post=8570"},{"taxonomy":"post_tag","embeddable":true,"href":"https:\/\/www.mallorcaleads.com\/es\/wp-json\/wp\/v2\/tags?post=8570"}],"curies":[{"name":"wp","href":"https:\/\/api.w.org\/{rel}","templated":true}]}}