{"id":8517,"date":"2017-02-09T09:31:23","date_gmt":"2017-02-09T09:31:23","guid":{"rendered":"https:\/\/mallorcaleads.eu\/?p=8517"},"modified":"2022-05-20T10:54:57","modified_gmt":"2022-05-20T10:54:57","slug":"fabrica-ramis-network","status":"publish","type":"post","link":"https:\/\/www.mallorcaleads.com\/es\/magazine\/networks\/fabrica-ramis-network\/","title":{"rendered":"F\u00e0brica Ramis"},"content":{"rendered":"\t\t<div data-elementor-type=\"wp-post\" data-elementor-id=\"8517\" class=\"elementor elementor-8517\" data-elementor-post-type=\"post\">\n\t\t\t\t\t\t<section class=\"elementor-section elementor-top-section elementor-element elementor-element-4c6f2e14 elementor-section-boxed elementor-section-height-default elementor-section-height-default qodef-elementor-content-no\" data-id=\"4c6f2e14\" data-element_type=\"section\" data-e-type=\"section\">\n\t\t\t\t\t\t<div class=\"elementor-container elementor-column-gap-default\">\n\t\t\t\t\t<div class=\"elementor-column elementor-col-100 elementor-top-column elementor-element elementor-element-1f972979\" data-id=\"1f972979\" data-element_type=\"column\" data-e-type=\"column\">\n\t\t\t<div class=\"elementor-widget-wrap elementor-element-populated\">\n\t\t\t\t\t\t<div class=\"elementor-element elementor-element-325e2277 textonegro elementor-widget elementor-widget-text-editor\" data-id=\"325e2277\" data-element_type=\"widget\" data-e-type=\"widget\" data-widget_type=\"text-editor.default\">\n\t\t\t\t<div class=\"elementor-widget-container\">\n\t\t\t\t\t\t\t\t\t<p>El 9 de febrero organizamos en <a href=\"https:\/\/www.mallorcaleads.com\/proveedores-mice\/fabrica-ramis\/\">F\u00e0brica Ramis<\/a> un evento especial para agencias organizadoras de eventos y grandes clientes corporativos.<\/p><p>Como en otras ocasiones, las agencias de eventos m\u00e1s importantes de la isla han asistido a esta nueva experiencia. Agradecemos \u00a0normemente a todos su participaci\u00f3n.<\/p><p>Esta experiencia ha consistido en ofrecer un gran experimento en directo, un evento experiencial enfocado a mostrar la versatilidad de los espacios. Espacios que han sido \u201cengalanados\u201d para mostrar las posibilidades al m\u00e1ximo, para intentar dejar muy poco lugar a la imaginaci\u00f3n, y poder mostrar una buena representaci\u00f3n de las posibilidades que ofrecen los espacios de la F\u00e0brica.<\/p><p>Todos los espacios de la <a href=\"https:\/\/www.mallorcaleads.com\/proveedores-mice\/fabrica-ramis\/\">F\u00e0brica Ramis<\/a> se han mostrado con diferentes disposiciones apoyadas por elementos de vanguardia. Todo ello ha sido posible gracias a las empresas proveedoras de eventos que han aunado esfuerzos y experiencia para mostrar lo mejor de <a href=\"https:\/\/www.mallorcaleads.com\/proveedores-mice\/fabrica-ramis\/\">F\u00e0brica Ramis,<\/a> el venue donde \u201ctodo es posible\u201d<\/p>\t\t\t\t\t\t\t\t<\/div>\n\t\t\t\t<\/div>\n\t\t\t\t<div class=\"elementor-element elementor-element-6e72f4e elementor-arrows-position-inside elementor-pagination-position-outside elementor-widget elementor-widget-image-carousel\" data-id=\"6e72f4e\" data-element_type=\"widget\" data-e-type=\"widget\" data-settings=\"{&quot;slides_to_show&quot;:&quot;3&quot;,&quot;navigation&quot;:&quot;both&quot;,&quot;autoplay&quot;:&quot;yes&quot;,&quot;pause_on_hover&quot;:&quot;yes&quot;,&quot;pause_on_interaction&quot;:&quot;yes&quot;,&quot;autoplay_speed&quot;:5000,&quot;infinite&quot;:&quot;yes&quot;,&quot;speed&quot;:500}\" data-widget_type=\"image-carousel.default\">\n\t\t\t\t<div class=\"elementor-widget-container\">\n\t\t\t\t\t\t\t<div class=\"elementor-image-carousel-wrapper swiper\" role=\"region\" aria-roledescription=\"carousel\" aria-label=\"Carrusel de im\u00e1genes\" dir=\"ltr\">\n\t\t\t<div class=\"elementor-image-carousel swiper-wrapper swiper-image-stretch\" aria-live=\"off\">\n\t\t\t\t\t\t\t\t<div class=\"swiper-slide\" role=\"group\" aria-roledescription=\"slide\" aria-label=\"1 de 5\"><a data-elementor-open-lightbox=\"yes\" data-elementor-lightbox-slideshow=\"6e72f4e\" data-elementor-lightbox-title=\"FR16_21_Espais47\" data-e-action-hash=\"#elementor-action%3Aaction%3Dlightbox%26settings%3DeyJpZCI6ODUxOCwidXJsIjoiaHR0cHM6XC9cL3d3dy5tYWxsb3JjYWxlYWRzLmNvbVwvd3AtY29udGVudFwvdXBsb2Fkc1wvMjAyMVwvMTFcL0ZSMTZfMjFfRXNwYWlzNDcuanBnIiwic2xpZGVzaG93IjoiNmU3MmY0ZSJ9\" href=\"https:\/\/www.mallorcaleads.com\/wp-content\/uploads\/2021\/11\/FR16_21_Espais47.jpg\"><figure class=\"swiper-slide-inner\"><img decoding=\"async\" class=\"swiper-slide-image\" src=\"https:\/\/www.mallorcaleads.com\/wp-content\/uploads\/2021\/11\/FR16_21_Espais47-650x650.jpg\" alt=\"FR16_21_Espais47\" \/><\/figure><\/a><\/div><div class=\"swiper-slide\" role=\"group\" aria-roledescription=\"slide\" aria-label=\"2 de 5\"><a data-elementor-open-lightbox=\"yes\" data-elementor-lightbox-slideshow=\"6e72f4e\" data-elementor-lightbox-title=\"FR16_29_Camper_AlbertBravo21\" data-e-action-hash=\"#elementor-action%3Aaction%3Dlightbox%26settings%3DeyJpZCI6ODUyMSwidXJsIjoiaHR0cHM6XC9cL3d3dy5tYWxsb3JjYWxlYWRzLmNvbVwvd3AtY29udGVudFwvdXBsb2Fkc1wvMjAyMVwvMTFcL0ZSMTZfMjlfQ2FtcGVyX0FsYmVydEJyYXZvMjEuanBnIiwic2xpZGVzaG93IjoiNmU3MmY0ZSJ9\" href=\"https:\/\/www.mallorcaleads.com\/wp-content\/uploads\/2021\/11\/FR16_29_Camper_AlbertBravo21.jpg\"><figure class=\"swiper-slide-inner\"><img decoding=\"async\" class=\"swiper-slide-image\" src=\"https:\/\/www.mallorcaleads.com\/wp-content\/uploads\/2021\/11\/FR16_29_Camper_AlbertBravo21-650x650.jpg\" alt=\"FR16_29_Camper_AlbertBravo21\" \/><\/figure><\/a><\/div><div class=\"swiper-slide\" role=\"group\" aria-roledescription=\"slide\" aria-label=\"3 de 5\"><a data-elementor-open-lightbox=\"yes\" data-elementor-lightbox-slideshow=\"6e72f4e\" data-elementor-lightbox-title=\"IMG_9748\" data-e-action-hash=\"#elementor-action%3Aaction%3Dlightbox%26settings%3DeyJpZCI6ODUyNCwidXJsIjoiaHR0cHM6XC9cL3d3dy5tYWxsb3JjYWxlYWRzLmNvbVwvd3AtY29udGVudFwvdXBsb2Fkc1wvMjAyMVwvMTFcL0lNR185NzQ4LmpwZyIsInNsaWRlc2hvdyI6IjZlNzJmNGUifQ%3D%3D\" href=\"https:\/\/www.mallorcaleads.com\/wp-content\/uploads\/2021\/11\/IMG_9748.jpg\"><figure class=\"swiper-slide-inner\"><img decoding=\"async\" class=\"swiper-slide-image\" src=\"https:\/\/www.mallorcaleads.com\/wp-content\/uploads\/2021\/11\/IMG_9748-650x650.jpg\" alt=\"IMG_9748\" \/><\/figure><\/a><\/div><div class=\"swiper-slide\" role=\"group\" aria-roledescription=\"slide\" aria-label=\"4 de 5\"><a data-elementor-open-lightbox=\"yes\" data-elementor-lightbox-slideshow=\"6e72f4e\" data-elementor-lightbox-title=\"IMG_9758\" data-e-action-hash=\"#elementor-action%3Aaction%3Dlightbox%26settings%3DeyJpZCI6ODUyNywidXJsIjoiaHR0cHM6XC9cL3d3dy5tYWxsb3JjYWxlYWRzLmNvbVwvd3AtY29udGVudFwvdXBsb2Fkc1wvMjAyMVwvMTFcL0lNR185NzU4LmpwZyIsInNsaWRlc2hvdyI6IjZlNzJmNGUifQ%3D%3D\" href=\"https:\/\/www.mallorcaleads.com\/wp-content\/uploads\/2021\/11\/IMG_9758.jpg\"><figure class=\"swiper-slide-inner\"><img decoding=\"async\" class=\"swiper-slide-image\" src=\"https:\/\/www.mallorcaleads.com\/wp-content\/uploads\/2021\/11\/IMG_9758-650x650.jpg\" alt=\"IMG_9758\" \/><\/figure><\/a><\/div><div class=\"swiper-slide\" role=\"group\" aria-roledescription=\"slide\" aria-label=\"5 de 5\"><a data-elementor-open-lightbox=\"yes\" data-elementor-lightbox-slideshow=\"6e72f4e\" data-elementor-lightbox-title=\"zz1\" data-e-action-hash=\"#elementor-action%3Aaction%3Dlightbox%26settings%3DeyJpZCI6ODUzMCwidXJsIjoiaHR0cHM6XC9cL3d3dy5tYWxsb3JjYWxlYWRzLmNvbVwvd3AtY29udGVudFwvdXBsb2Fkc1wvMjAyMVwvMTFcL3p6MS5qcGciLCJzbGlkZXNob3ciOiI2ZTcyZjRlIn0%3D\" href=\"https:\/\/www.mallorcaleads.com\/wp-content\/uploads\/2021\/11\/zz1.jpg\"><figure class=\"swiper-slide-inner\"><img decoding=\"async\" class=\"swiper-slide-image\" src=\"https:\/\/www.mallorcaleads.com\/wp-content\/uploads\/2021\/11\/zz1-650x650.jpg\" alt=\"zz1\" \/><\/figure><\/a><\/div>\t\t\t<\/div>\n\t\t\t\t\t\t\t\t\t\t\t\t<div class=\"elementor-swiper-button elementor-swiper-button-prev\" role=\"button\" tabindex=\"0\">\n\t\t\t\t\t\t<i aria-hidden=\"true\" class=\"eicon-chevron-left\"><\/i>\t\t\t\t\t<\/div>\n\t\t\t\t\t<div class=\"elementor-swiper-button elementor-swiper-button-next\" role=\"button\" tabindex=\"0\">\n\t\t\t\t\t\t<i aria-hidden=\"true\" class=\"eicon-chevron-right\"><\/i>\t\t\t\t\t<\/div>\n\t\t\t\t\n\t\t\t\t\t\t\t\t\t<div class=\"swiper-pagination\"><\/div>\n\t\t\t\t\t\t\t\t\t<\/div>\n\t\t\t\t\t\t<\/div>\n\t\t\t\t<\/div>\n\t\t\t\t\t<\/div>\n\t\t<\/div>\n\t\t\t\t\t<\/div>\n\t\t<\/section>\n\t\t\t\t<\/div>\n\t\t","protected":false},"excerpt":{"rendered":"<p>El 9 de febrero organizamos en F\u00e0brica Ramis un evento especial para agencias organizadoras de eventos y grandes clientes corporativos. Como en otras ocasiones, las agencias de eventos m\u00e1s importantes [&hellip;]<\/p>\n","protected":false},"author":1,"featured_media":8533,"comment_status":"open","ping_status":"open","sticky":false,"template":"","format":"standard","meta":{"_acf_changed":false,"inline_featured_image":false,"footnotes":""},"categories":[73],"tags":[],"class_list":["post-8517","post","type-post","status-publish","format-standard","has-post-thumbnail","hentry","category-networks"],"acf":[],"yoast_head":"<!-- This site is optimized with the Yoast SEO plugin v27.2 - https:\/\/yoast.com\/product\/yoast-seo-wordpress\/ -->\n<title>F\u00e0brica Ramis - MallorcaLeads<\/title>\n<meta name=\"robots\" content=\"index, follow, max-snippet:-1, max-image-preview:large, max-video-preview:-1\" \/>\n<link rel=\"canonical\" href=\"https:\/\/www.mallorcaleads.com\/es\/magazine\/networks\/fabrica-ramis-network\/\" \/>\n<meta property=\"og:locale\" content=\"es_ES\" \/>\n<meta property=\"og:type\" content=\"article\" \/>\n<meta property=\"og:title\" content=\"F\u00e0brica Ramis - MallorcaLeads\" \/>\n<meta property=\"og:description\" content=\"El 9 de febrero organizamos en F\u00e0brica Ramis un evento especial para agencias organizadoras de eventos y grandes clientes corporativos. Como en otras ocasiones, las agencias de eventos m\u00e1s importantes [&hellip;]\" \/>\n<meta property=\"og:url\" content=\"https:\/\/www.mallorcaleads.com\/es\/magazine\/networks\/fabrica-ramis-network\/\" \/>\n<meta property=\"og:site_name\" content=\"MallorcaLeads\" \/>\n<meta property=\"article:publisher\" content=\"https:\/\/www.facebook.com\/mallorcaleads\/\" \/>\n<meta property=\"article:published_time\" content=\"2017-02-09T09:31:23+00:00\" \/>\n<meta property=\"article:modified_time\" content=\"2022-05-20T10:54:57+00:00\" \/>\n<meta property=\"og:image\" content=\"https:\/\/www.mallorcaleads.com\/wp-content\/uploads\/2021\/11\/IMG_8688.jpg\" \/>\n\t<meta property=\"og:image:width\" content=\"1066\" \/>\n\t<meta property=\"og:image:height\" content=\"1600\" \/>\n\t<meta property=\"og:image:type\" content=\"image\/jpeg\" \/>\n<meta name=\"author\" content=\"adminsom2\" \/>\n<meta name=\"twitter:card\" content=\"summary_large_image\" \/>\n<meta name=\"twitter:label1\" content=\"Escrito por\" \/>\n\t<meta name=\"twitter:data1\" content=\"adminsom2\" \/>\n\t<meta name=\"twitter:label2\" content=\"Tiempo de lectura\" \/>\n\t<meta name=\"twitter:data2\" content=\"3 minutos\" \/>\n<script type=\"application\/ld+json\" class=\"yoast-schema-graph\">{\"@context\":\"https:\/\/schema.org\",\"@graph\":[{\"@type\":\"Article\",\"@id\":\"https:\/\/www.mallorcaleads.com\/es\/magazine\/networks\/fabrica-ramis-network\/#article\",\"isPartOf\":{\"@id\":\"https:\/\/www.mallorcaleads.com\/es\/magazine\/networks\/fabrica-ramis-network\/\"},\"author\":{\"name\":\"adminsom2\",\"@id\":\"https:\/\/www.mallorcaleads.com\/es\/#\/schema\/person\/48a41a2ea5c1cbcdb04030a08912fbd8\"},\"headline\":\"F\u00e0brica Ramis\",\"datePublished\":\"2017-02-09T09:31:23+00:00\",\"dateModified\":\"2022-05-20T10:54:57+00:00\",\"mainEntityOfPage\":{\"@id\":\"https:\/\/www.mallorcaleads.com\/es\/magazine\/networks\/fabrica-ramis-network\/\"},\"wordCount\":165,\"commentCount\":0,\"publisher\":{\"@id\":\"https:\/\/www.mallorcaleads.com\/es\/#organization\"},\"image\":{\"@id\":\"https:\/\/www.mallorcaleads.com\/es\/magazine\/networks\/fabrica-ramis-network\/#primaryimage\"},\"thumbnailUrl\":\"https:\/\/www.mallorcaleads.com\/wp-content\/uploads\/2021\/11\/IMG_8688.jpg\",\"articleSection\":[\"Networks\"],\"inLanguage\":\"es\",\"potentialAction\":[{\"@type\":\"CommentAction\",\"name\":\"Comment\",\"target\":[\"https:\/\/www.mallorcaleads.com\/es\/magazine\/networks\/fabrica-ramis-network\/#respond\"]}]},{\"@type\":\"WebPage\",\"@id\":\"https:\/\/www.mallorcaleads.com\/es\/magazine\/networks\/fabrica-ramis-network\/\",\"url\":\"https:\/\/www.mallorcaleads.com\/es\/magazine\/networks\/fabrica-ramis-network\/\",\"name\":\"F\u00e0brica Ramis - MallorcaLeads\",\"isPartOf\":{\"@id\":\"https:\/\/www.mallorcaleads.com\/es\/#website\"},\"primaryImageOfPage\":{\"@id\":\"https:\/\/www.mallorcaleads.com\/es\/magazine\/networks\/fabrica-ramis-network\/#primaryimage\"},\"image\":{\"@id\":\"https:\/\/www.mallorcaleads.com\/es\/magazine\/networks\/fabrica-ramis-network\/#primaryimage\"},\"thumbnailUrl\":\"https:\/\/www.mallorcaleads.com\/wp-content\/uploads\/2021\/11\/IMG_8688.jpg\",\"datePublished\":\"2017-02-09T09:31:23+00:00\",\"dateModified\":\"2022-05-20T10:54:57+00:00\",\"breadcrumb\":{\"@id\":\"https:\/\/www.mallorcaleads.com\/es\/magazine\/networks\/fabrica-ramis-network\/#breadcrumb\"},\"inLanguage\":\"es\",\"potentialAction\":[{\"@type\":\"ReadAction\",\"target\":[\"https:\/\/www.mallorcaleads.com\/es\/magazine\/networks\/fabrica-ramis-network\/\"]}]},{\"@type\":\"ImageObject\",\"inLanguage\":\"es\",\"@id\":\"https:\/\/www.mallorcaleads.com\/es\/magazine\/networks\/fabrica-ramis-network\/#primaryimage\",\"url\":\"https:\/\/www.mallorcaleads.com\/wp-content\/uploads\/2021\/11\/IMG_8688.jpg\",\"contentUrl\":\"https:\/\/www.mallorcaleads.com\/wp-content\/uploads\/2021\/11\/IMG_8688.jpg\",\"width\":1066,\"height\":1600},{\"@type\":\"BreadcrumbList\",\"@id\":\"https:\/\/www.mallorcaleads.com\/es\/magazine\/networks\/fabrica-ramis-network\/#breadcrumb\",\"itemListElement\":[{\"@type\":\"ListItem\",\"position\":1,\"name\":\"Portada\",\"item\":\"https:\/\/www.mallorcaleads.com\/es\/\"},{\"@type\":\"ListItem\",\"position\":2,\"name\":\"F\u00e0brica Ramis\"}]},{\"@type\":\"WebSite\",\"@id\":\"https:\/\/www.mallorcaleads.com\/es\/#website\",\"url\":\"https:\/\/www.mallorcaleads.com\/es\/\",\"name\":\"MallorcaLeads\",\"description\":\"Organizaci\u00f3n de eventos en Mallorca. Consultor\u00eda gratuita.\",\"publisher\":{\"@id\":\"https:\/\/www.mallorcaleads.com\/es\/#organization\"},\"potentialAction\":[{\"@type\":\"SearchAction\",\"target\":{\"@type\":\"EntryPoint\",\"urlTemplate\":\"https:\/\/www.mallorcaleads.com\/es\/?s={search_term_string}\"},\"query-input\":{\"@type\":\"PropertyValueSpecification\",\"valueRequired\":true,\"valueName\":\"search_term_string\"}}],\"inLanguage\":\"es\"},{\"@type\":\"Organization\",\"@id\":\"https:\/\/www.mallorcaleads.com\/es\/#organization\",\"name\":\"Mallorcaleads\",\"url\":\"https:\/\/www.mallorcaleads.com\/es\/\",\"logo\":{\"@type\":\"ImageObject\",\"inLanguage\":\"es\",\"@id\":\"https:\/\/www.mallorcaleads.com\/es\/#\/schema\/logo\/image\/\",\"url\":\"https:\/\/www.mallorcaleads.com\/wp-content\/uploads\/2023\/12\/mallorcaleads-logo-negro.svg\",\"contentUrl\":\"https:\/\/www.mallorcaleads.com\/wp-content\/uploads\/2023\/12\/mallorcaleads-logo-negro.svg\",\"width\":\"1024\",\"height\":\"1024\",\"caption\":\"Mallorcaleads\"},\"image\":{\"@id\":\"https:\/\/www.mallorcaleads.com\/es\/#\/schema\/logo\/image\/\"},\"sameAs\":[\"https:\/\/www.facebook.com\/mallorcaleads\/\",\"https:\/\/www.instagram.com\/mallorcaleads\/\",\"https:\/\/es.linkedin.com\/company\/mallorcaleads\",\"https:\/\/www.youtube.com\/channel\/UCHsLT6PzPAiCSK8vEsAYoMg\/videos?sort=dd&shelf_id=0\"]},{\"@type\":\"Person\",\"@id\":\"https:\/\/www.mallorcaleads.com\/es\/#\/schema\/person\/48a41a2ea5c1cbcdb04030a08912fbd8\",\"name\":\"adminsom2\",\"sameAs\":[\"https:\/\/www.mallorcaleads.com\"]}]}<\/script>\n<!-- \/ Yoast SEO plugin. -->","yoast_head_json":{"title":"F\u00e0brica Ramis - MallorcaLeads","robots":{"index":"index","follow":"follow","max-snippet":"max-snippet:-1","max-image-preview":"max-image-preview:large","max-video-preview":"max-video-preview:-1"},"canonical":"https:\/\/www.mallorcaleads.com\/es\/magazine\/networks\/fabrica-ramis-network\/","og_locale":"es_ES","og_type":"article","og_title":"F\u00e0brica Ramis - MallorcaLeads","og_description":"El 9 de febrero organizamos en F\u00e0brica Ramis un evento especial para agencias organizadoras de eventos y grandes clientes corporativos. Como en otras ocasiones, las agencias de eventos m\u00e1s importantes [&hellip;]","og_url":"https:\/\/www.mallorcaleads.com\/es\/magazine\/networks\/fabrica-ramis-network\/","og_site_name":"MallorcaLeads","article_publisher":"https:\/\/www.facebook.com\/mallorcaleads\/","article_published_time":"2017-02-09T09:31:23+00:00","article_modified_time":"2022-05-20T10:54:57+00:00","og_image":[{"width":1066,"height":1600,"url":"https:\/\/www.mallorcaleads.com\/wp-content\/uploads\/2021\/11\/IMG_8688.jpg","type":"image\/jpeg"}],"author":"adminsom2","twitter_card":"summary_large_image","twitter_misc":{"Escrito por":"adminsom2","Tiempo de lectura":"3 minutos"},"schema":{"@context":"https:\/\/schema.org","@graph":[{"@type":"Article","@id":"https:\/\/www.mallorcaleads.com\/es\/magazine\/networks\/fabrica-ramis-network\/#article","isPartOf":{"@id":"https:\/\/www.mallorcaleads.com\/es\/magazine\/networks\/fabrica-ramis-network\/"},"author":{"name":"adminsom2","@id":"https:\/\/www.mallorcaleads.com\/es\/#\/schema\/person\/48a41a2ea5c1cbcdb04030a08912fbd8"},"headline":"F\u00e0brica Ramis","datePublished":"2017-02-09T09:31:23+00:00","dateModified":"2022-05-20T10:54:57+00:00","mainEntityOfPage":{"@id":"https:\/\/www.mallorcaleads.com\/es\/magazine\/networks\/fabrica-ramis-network\/"},"wordCount":165,"commentCount":0,"publisher":{"@id":"https:\/\/www.mallorcaleads.com\/es\/#organization"},"image":{"@id":"https:\/\/www.mallorcaleads.com\/es\/magazine\/networks\/fabrica-ramis-network\/#primaryimage"},"thumbnailUrl":"https:\/\/www.mallorcaleads.com\/wp-content\/uploads\/2021\/11\/IMG_8688.jpg","articleSection":["Networks"],"inLanguage":"es","potentialAction":[{"@type":"CommentAction","name":"Comment","target":["https:\/\/www.mallorcaleads.com\/es\/magazine\/networks\/fabrica-ramis-network\/#respond"]}]},{"@type":"WebPage","@id":"https:\/\/www.mallorcaleads.com\/es\/magazine\/networks\/fabrica-ramis-network\/","url":"https:\/\/www.mallorcaleads.com\/es\/magazine\/networks\/fabrica-ramis-network\/","name":"F\u00e0brica Ramis - MallorcaLeads","isPartOf":{"@id":"https:\/\/www.mallorcaleads.com\/es\/#website"},"primaryImageOfPage":{"@id":"https:\/\/www.mallorcaleads.com\/es\/magazine\/networks\/fabrica-ramis-network\/#primaryimage"},"image":{"@id":"https:\/\/www.mallorcaleads.com\/es\/magazine\/networks\/fabrica-ramis-network\/#primaryimage"},"thumbnailUrl":"https:\/\/www.mallorcaleads.com\/wp-content\/uploads\/2021\/11\/IMG_8688.jpg","datePublished":"2017-02-09T09:31:23+00:00","dateModified":"2022-05-20T10:54:57+00:00","breadcrumb":{"@id":"https:\/\/www.mallorcaleads.com\/es\/magazine\/networks\/fabrica-ramis-network\/#breadcrumb"},"inLanguage":"es","potentialAction":[{"@type":"ReadAction","target":["https:\/\/www.mallorcaleads.com\/es\/magazine\/networks\/fabrica-ramis-network\/"]}]},{"@type":"ImageObject","inLanguage":"es","@id":"https:\/\/www.mallorcaleads.com\/es\/magazine\/networks\/fabrica-ramis-network\/#primaryimage","url":"https:\/\/www.mallorcaleads.com\/wp-content\/uploads\/2021\/11\/IMG_8688.jpg","contentUrl":"https:\/\/www.mallorcaleads.com\/wp-content\/uploads\/2021\/11\/IMG_8688.jpg","width":1066,"height":1600},{"@type":"BreadcrumbList","@id":"https:\/\/www.mallorcaleads.com\/es\/magazine\/networks\/fabrica-ramis-network\/#breadcrumb","itemListElement":[{"@type":"ListItem","position":1,"name":"Portada","item":"https:\/\/www.mallorcaleads.com\/es\/"},{"@type":"ListItem","position":2,"name":"F\u00e0brica Ramis"}]},{"@type":"WebSite","@id":"https:\/\/www.mallorcaleads.com\/es\/#website","url":"https:\/\/www.mallorcaleads.com\/es\/","name":"MallorcaLeads","description":"Organizaci\u00f3n de eventos en Mallorca. Consultor\u00eda gratuita.","publisher":{"@id":"https:\/\/www.mallorcaleads.com\/es\/#organization"},"potentialAction":[{"@type":"SearchAction","target":{"@type":"EntryPoint","urlTemplate":"https:\/\/www.mallorcaleads.com\/es\/?s={search_term_string}"},"query-input":{"@type":"PropertyValueSpecification","valueRequired":true,"valueName":"search_term_string"}}],"inLanguage":"es"},{"@type":"Organization","@id":"https:\/\/www.mallorcaleads.com\/es\/#organization","name":"Mallorcaleads","url":"https:\/\/www.mallorcaleads.com\/es\/","logo":{"@type":"ImageObject","inLanguage":"es","@id":"https:\/\/www.mallorcaleads.com\/es\/#\/schema\/logo\/image\/","url":"https:\/\/www.mallorcaleads.com\/wp-content\/uploads\/2023\/12\/mallorcaleads-logo-negro.svg","contentUrl":"https:\/\/www.mallorcaleads.com\/wp-content\/uploads\/2023\/12\/mallorcaleads-logo-negro.svg","width":"1024","height":"1024","caption":"Mallorcaleads"},"image":{"@id":"https:\/\/www.mallorcaleads.com\/es\/#\/schema\/logo\/image\/"},"sameAs":["https:\/\/www.facebook.com\/mallorcaleads\/","https:\/\/www.instagram.com\/mallorcaleads\/","https:\/\/es.linkedin.com\/company\/mallorcaleads","https:\/\/www.youtube.com\/channel\/UCHsLT6PzPAiCSK8vEsAYoMg\/videos?sort=dd&shelf_id=0"]},{"@type":"Person","@id":"https:\/\/www.mallorcaleads.com\/es\/#\/schema\/person\/48a41a2ea5c1cbcdb04030a08912fbd8","name":"adminsom2","sameAs":["https:\/\/www.mallorcaleads.com"]}]}},"_links":{"self":[{"href":"https:\/\/www.mallorcaleads.com\/es\/wp-json\/wp\/v2\/posts\/8517","targetHints":{"allow":["GET"]}}],"collection":[{"href":"https:\/\/www.mallorcaleads.com\/es\/wp-json\/wp\/v2\/posts"}],"about":[{"href":"https:\/\/www.mallorcaleads.com\/es\/wp-json\/wp\/v2\/types\/post"}],"author":[{"embeddable":true,"href":"https:\/\/www.mallorcaleads.com\/es\/wp-json\/wp\/v2\/users\/1"}],"replies":[{"embeddable":true,"href":"https:\/\/www.mallorcaleads.com\/es\/wp-json\/wp\/v2\/comments?post=8517"}],"version-history":[{"count":0,"href":"https:\/\/www.mallorcaleads.com\/es\/wp-json\/wp\/v2\/posts\/8517\/revisions"}],"wp:featuredmedia":[{"embeddable":true,"href":"https:\/\/www.mallorcaleads.com\/es\/wp-json\/wp\/v2\/media\/8533"}],"wp:attachment":[{"href":"https:\/\/www.mallorcaleads.com\/es\/wp-json\/wp\/v2\/media?parent=8517"}],"wp:term":[{"taxonomy":"category","embeddable":true,"href":"https:\/\/www.mallorcaleads.com\/es\/wp-json\/wp\/v2\/categories?post=8517"},{"taxonomy":"post_tag","embeddable":true,"href":"https:\/\/www.mallorcaleads.com\/es\/wp-json\/wp\/v2\/tags?post=8517"}],"curies":[{"name":"wp","href":"https:\/\/api.w.org\/{rel}","templated":true}]}}