{"id":8483,"date":"2019-11-19T09:21:53","date_gmt":"2019-11-19T09:21:53","guid":{"rendered":"https:\/\/mallorcaleads.eu\/?p=8483"},"modified":"2022-03-04T11:47:17","modified_gmt":"2022-03-04T11:47:17","slug":"ibtm-world-2019","status":"publish","type":"post","link":"https:\/\/www.mallorcaleads.com\/es\/magazine\/ferias\/ibtm-world-2019\/","title":{"rendered":"IBTM WORLD 2019"},"content":{"rendered":"\t\t<div data-elementor-type=\"wp-post\" data-elementor-id=\"8483\" class=\"elementor elementor-8483\" data-elementor-post-type=\"post\">\n\t\t\t\t\t\t<section class=\"elementor-section elementor-top-section elementor-element elementor-element-4d3b5d3e elementor-section-boxed elementor-section-height-default elementor-section-height-default qodef-elementor-content-no\" data-id=\"4d3b5d3e\" data-element_type=\"section\" data-e-type=\"section\">\n\t\t\t\t\t\t<div class=\"elementor-container elementor-column-gap-default\">\n\t\t\t\t\t<div class=\"elementor-column elementor-col-100 elementor-top-column elementor-element elementor-element-67b582a5\" data-id=\"67b582a5\" data-element_type=\"column\" data-e-type=\"column\">\n\t\t\t<div class=\"elementor-widget-wrap elementor-element-populated\">\n\t\t\t\t\t\t<div class=\"elementor-element elementor-element-82e9247 elementor-widget elementor-widget-image\" data-id=\"82e9247\" data-element_type=\"widget\" data-e-type=\"widget\" data-widget_type=\"image.default\">\n\t\t\t\t<div class=\"elementor-widget-container\">\n\t\t\t\t\t\t\t\t\t\t\t\t\t\t\t\t<a href=\"https:\/\/www.mallorcaleads.com\/wp-content\/uploads\/2021\/11\/ibtm.jpg\" data-elementor-open-lightbox=\"yes\" data-elementor-lightbox-title=\"ibtm\" data-e-action-hash=\"#elementor-action%3Aaction%3Dlightbox%26settings%3DeyJpZCI6ODQ4NCwidXJsIjoiaHR0cHM6XC9cL3d3dy5tYWxsb3JjYWxlYWRzLmNvbVwvd3AtY29udGVudFwvdXBsb2Fkc1wvMjAyMVwvMTFcL2lidG0uanBnIn0%3D\">\n\t\t\t\t\t\t\t<img fetchpriority=\"high\" decoding=\"async\" width=\"640\" height=\"427\" src=\"https:\/\/www.mallorcaleads.com\/wp-content\/uploads\/2021\/11\/ibtm-1024x683.jpg\" class=\"attachment-large size-large wp-image-8484\" alt=\"\" srcset=\"https:\/\/www.mallorcaleads.com\/wp-content\/uploads\/2021\/11\/ibtm-1024x683.jpg 1024w, https:\/\/www.mallorcaleads.com\/wp-content\/uploads\/2021\/11\/ibtm-300x200.jpg 300w, https:\/\/www.mallorcaleads.com\/wp-content\/uploads\/2021\/11\/ibtm-768x512.jpg 768w, https:\/\/www.mallorcaleads.com\/wp-content\/uploads\/2021\/11\/ibtm.jpg 1200w\" sizes=\"(max-width: 640px) 100vw, 640px\" \/>\t\t\t\t\t\t\t\t<\/a>\n\t\t\t\t\t\t\t\t\t\t\t\t\t\t\t<\/div>\n\t\t\t\t<\/div>\n\t\t\t\t<div class=\"elementor-element elementor-element-2059ef9f textonegro elementor-widget elementor-widget-text-editor\" data-id=\"2059ef9f\" data-element_type=\"widget\" data-e-type=\"widget\" data-widget_type=\"text-editor.default\">\n\t\t\t\t<div class=\"elementor-widget-container\">\n\t\t\t\t\t\t\t\t\t<p style=\"text-align: center;\">Este a\u00f1o, ya con plenas competencias en promoci\u00f3n tur\u00edstica, la Fundaci\u00f3 Mallorca Turisme (Consell Insular de Mallorca) ha acudido como expositor independiente a la feria especializada IBTM World de Barcelona. MallorcaLeads ha sido una de las empresas que ha contado con mostrador propio dentro del espacio de la fundaci\u00f3n.<\/p>\t\t\t\t\t\t\t\t<\/div>\n\t\t\t\t<\/div>\n\t\t\t\t<div class=\"elementor-element elementor-element-293480f elementor-widget elementor-widget-image\" data-id=\"293480f\" data-element_type=\"widget\" data-e-type=\"widget\" data-widget_type=\"image.default\">\n\t\t\t\t<div class=\"elementor-widget-container\">\n\t\t\t\t\t\t\t\t\t\t\t\t\t\t\t\t<a href=\"https:\/\/www.mallorcaleads.com\/wp-content\/uploads\/2021\/11\/IMG-20191120-WA0031.jpg\" data-elementor-open-lightbox=\"yes\" data-elementor-lightbox-title=\"IMG-20191120-WA0031\" data-e-action-hash=\"#elementor-action%3Aaction%3Dlightbox%26settings%3DeyJpZCI6ODQ5MCwidXJsIjoiaHR0cHM6XC9cL3d3dy5tYWxsb3JjYWxlYWRzLmNvbVwvd3AtY29udGVudFwvdXBsb2Fkc1wvMjAyMVwvMTFcL0lNRy0yMDE5MTEyMC1XQTAwMzEuanBnIn0%3D\">\n\t\t\t\t\t\t\t<img decoding=\"async\" width=\"614\" height=\"655\" src=\"https:\/\/www.mallorcaleads.com\/wp-content\/uploads\/2021\/11\/IMG-20191120-WA0031.jpg\" class=\"attachment-large size-large wp-image-8490\" alt=\"\" srcset=\"https:\/\/www.mallorcaleads.com\/wp-content\/uploads\/2021\/11\/IMG-20191120-WA0031.jpg 614w, https:\/\/www.mallorcaleads.com\/wp-content\/uploads\/2021\/11\/IMG-20191120-WA0031-281x300.jpg 281w\" sizes=\"(max-width: 614px) 100vw, 614px\" \/>\t\t\t\t\t\t\t\t<\/a>\n\t\t\t\t\t\t\t\t\t\t\t\t\t\t\t<\/div>\n\t\t\t\t<\/div>\n\t\t\t\t<div class=\"elementor-element elementor-element-1303314 textonegro elementor-widget elementor-widget-text-editor\" data-id=\"1303314\" data-element_type=\"widget\" data-e-type=\"widget\" data-widget_type=\"text-editor.default\">\n\t\t\t\t<div class=\"elementor-widget-container\">\n\t\t\t\t\t\t\t\t\t<p style=\"text-align: center;\">Entre el 19 y el 21 de noviembre de 2019 nos hemos reunido con cerca de dos decenas de compradores nacionales e internacionales, a la b\u00fasqueda de futuros negocios para las empresas partners de MallorcaLeads. De paso, hemos tra\u00eddo a la isla nuevo conocimiento sobre el sector y sus pr\u00f3ximos pasos, en los que la tecnolog\u00eda, la buena gesti\u00f3n de los riesgos y la sostenibilidad ser\u00e1n ingredientes clave.<\/p>\t\t\t\t\t\t\t\t<\/div>\n\t\t\t\t<\/div>\n\t\t\t\t<div class=\"elementor-element elementor-element-05567b5 elementor-widget elementor-widget-image\" data-id=\"05567b5\" data-element_type=\"widget\" data-e-type=\"widget\" data-widget_type=\"image.default\">\n\t\t\t\t<div class=\"elementor-widget-container\">\n\t\t\t\t\t\t\t\t\t\t\t\t\t\t\t\t<a href=\"https:\/\/www.mallorcaleads.com\/wp-content\/uploads\/2021\/11\/IMG-20191119-WA0019.jpg\" data-elementor-open-lightbox=\"yes\" data-elementor-lightbox-title=\"IMG-20191119-WA0019\" data-e-action-hash=\"#elementor-action%3Aaction%3Dlightbox%26settings%3DeyJpZCI6ODQ4NywidXJsIjoiaHR0cHM6XC9cL3d3dy5tYWxsb3JjYWxlYWRzLmNvbVwvd3AtY29udGVudFwvdXBsb2Fkc1wvMjAyMVwvMTFcL0lNRy0yMDE5MTExOS1XQTAwMTkuanBnIn0%3D\">\n\t\t\t\t\t\t\t<img decoding=\"async\" width=\"640\" height=\"480\" src=\"https:\/\/www.mallorcaleads.com\/wp-content\/uploads\/2021\/11\/IMG-20191119-WA0019.jpg\" class=\"attachment-large size-large wp-image-8487\" alt=\"\" srcset=\"https:\/\/www.mallorcaleads.com\/wp-content\/uploads\/2021\/11\/IMG-20191119-WA0019.jpg 1024w, https:\/\/www.mallorcaleads.com\/wp-content\/uploads\/2021\/11\/IMG-20191119-WA0019-300x225.jpg 300w, https:\/\/www.mallorcaleads.com\/wp-content\/uploads\/2021\/11\/IMG-20191119-WA0019-768x576.jpg 768w\" sizes=\"(max-width: 640px) 100vw, 640px\" \/>\t\t\t\t\t\t\t\t<\/a>\n\t\t\t\t\t\t\t\t\t\t\t\t\t\t\t<\/div>\n\t\t\t\t<\/div>\n\t\t\t\t\t<\/div>\n\t\t<\/div>\n\t\t\t\t\t<\/div>\n\t\t<\/section>\n\t\t\t\t<\/div>\n\t\t","protected":false},"excerpt":{"rendered":"<p>Este a\u00f1o, ya con plenas competencias en promoci\u00f3n tur\u00edstica, la Fundaci\u00f3 Mallorca Turisme (Consell Insular de Mallorca) ha acudido como expositor independiente a la feria especializada IBTM World de Barcelona. [&hellip;]<\/p>\n","protected":false},"author":1,"featured_media":16999,"comment_status":"closed","ping_status":"closed","sticky":false,"template":"","format":"standard","meta":{"_acf_changed":false,"inline_featured_image":false,"footnotes":""},"categories":[71],"tags":[],"class_list":["post-8483","post","type-post","status-publish","format-standard","has-post-thumbnail","hentry","category-ferias"],"acf":[],"yoast_head":"<!-- This site is optimized with the Yoast SEO plugin v27.2 - https:\/\/yoast.com\/product\/yoast-seo-wordpress\/ -->\n<title>IBTM WORLD 2019 - MallorcaLeads<\/title>\n<meta name=\"robots\" content=\"index, follow, max-snippet:-1, max-image-preview:large, max-video-preview:-1\" \/>\n<link rel=\"canonical\" href=\"https:\/\/www.mallorcaleads.com\/es\/magazine\/ferias\/ibtm-world-2019\/\" \/>\n<meta property=\"og:locale\" content=\"es_ES\" \/>\n<meta property=\"og:type\" content=\"article\" \/>\n<meta property=\"og:title\" content=\"IBTM WORLD 2019 - MallorcaLeads\" \/>\n<meta property=\"og:description\" content=\"Este a\u00f1o, ya con plenas competencias en promoci\u00f3n tur\u00edstica, la Fundaci\u00f3 Mallorca Turisme (Consell Insular de Mallorca) ha acudido como expositor independiente a la feria especializada IBTM World de Barcelona. [&hellip;]\" \/>\n<meta property=\"og:url\" content=\"https:\/\/www.mallorcaleads.com\/es\/magazine\/ferias\/ibtm-world-2019\/\" \/>\n<meta property=\"og:site_name\" content=\"MallorcaLeads\" \/>\n<meta property=\"article:publisher\" content=\"https:\/\/www.facebook.com\/mallorcaleads\/\" \/>\n<meta property=\"article:published_time\" content=\"2019-11-19T09:21:53+00:00\" \/>\n<meta property=\"article:modified_time\" content=\"2022-03-04T11:47:17+00:00\" \/>\n<meta property=\"og:image\" content=\"https:\/\/www.mallorcaleads.com\/wp-content\/uploads\/2020\/03\/fUNDACIO-maLLORCA-tURISME.jpg\" \/>\n\t<meta property=\"og:image:width\" content=\"1200\" \/>\n\t<meta property=\"og:image:height\" content=\"1600\" \/>\n\t<meta property=\"og:image:type\" content=\"image\/jpeg\" \/>\n<meta name=\"author\" content=\"adminsom2\" \/>\n<meta name=\"twitter:card\" content=\"summary_large_image\" \/>\n<meta name=\"twitter:label1\" content=\"Escrito por\" \/>\n\t<meta name=\"twitter:data1\" content=\"adminsom2\" \/>\n\t<meta name=\"twitter:label2\" content=\"Tiempo de lectura\" \/>\n\t<meta name=\"twitter:data2\" content=\"2 minutos\" \/>\n<script type=\"application\/ld+json\" class=\"yoast-schema-graph\">{\"@context\":\"https:\/\/schema.org\",\"@graph\":[{\"@type\":\"Article\",\"@id\":\"https:\/\/www.mallorcaleads.com\/es\/magazine\/ferias\/ibtm-world-2019\/#article\",\"isPartOf\":{\"@id\":\"https:\/\/www.mallorcaleads.com\/es\/magazine\/ferias\/ibtm-world-2019\/\"},\"author\":{\"name\":\"adminsom2\",\"@id\":\"https:\/\/www.mallorcaleads.com\/es\/#\/schema\/person\/48a41a2ea5c1cbcdb04030a08912fbd8\"},\"headline\":\"IBTM WORLD 2019\",\"datePublished\":\"2019-11-19T09:21:53+00:00\",\"dateModified\":\"2022-03-04T11:47:17+00:00\",\"mainEntityOfPage\":{\"@id\":\"https:\/\/www.mallorcaleads.com\/es\/magazine\/ferias\/ibtm-world-2019\/\"},\"wordCount\":126,\"publisher\":{\"@id\":\"https:\/\/www.mallorcaleads.com\/es\/#organization\"},\"image\":{\"@id\":\"https:\/\/www.mallorcaleads.com\/es\/magazine\/ferias\/ibtm-world-2019\/#primaryimage\"},\"thumbnailUrl\":\"https:\/\/www.mallorcaleads.com\/wp-content\/uploads\/2020\/03\/fUNDACIO-maLLORCA-tURISME.jpg\",\"articleSection\":[\"Ferias\"],\"inLanguage\":\"es\"},{\"@type\":\"WebPage\",\"@id\":\"https:\/\/www.mallorcaleads.com\/es\/magazine\/ferias\/ibtm-world-2019\/\",\"url\":\"https:\/\/www.mallorcaleads.com\/es\/magazine\/ferias\/ibtm-world-2019\/\",\"name\":\"IBTM WORLD 2019 - MallorcaLeads\",\"isPartOf\":{\"@id\":\"https:\/\/www.mallorcaleads.com\/es\/#website\"},\"primaryImageOfPage\":{\"@id\":\"https:\/\/www.mallorcaleads.com\/es\/magazine\/ferias\/ibtm-world-2019\/#primaryimage\"},\"image\":{\"@id\":\"https:\/\/www.mallorcaleads.com\/es\/magazine\/ferias\/ibtm-world-2019\/#primaryimage\"},\"thumbnailUrl\":\"https:\/\/www.mallorcaleads.com\/wp-content\/uploads\/2020\/03\/fUNDACIO-maLLORCA-tURISME.jpg\",\"datePublished\":\"2019-11-19T09:21:53+00:00\",\"dateModified\":\"2022-03-04T11:47:17+00:00\",\"breadcrumb\":{\"@id\":\"https:\/\/www.mallorcaleads.com\/es\/magazine\/ferias\/ibtm-world-2019\/#breadcrumb\"},\"inLanguage\":\"es\",\"potentialAction\":[{\"@type\":\"ReadAction\",\"target\":[\"https:\/\/www.mallorcaleads.com\/es\/magazine\/ferias\/ibtm-world-2019\/\"]}]},{\"@type\":\"ImageObject\",\"inLanguage\":\"es\",\"@id\":\"https:\/\/www.mallorcaleads.com\/es\/magazine\/ferias\/ibtm-world-2019\/#primaryimage\",\"url\":\"https:\/\/www.mallorcaleads.com\/wp-content\/uploads\/2020\/03\/fUNDACIO-maLLORCA-tURISME.jpg\",\"contentUrl\":\"https:\/\/www.mallorcaleads.com\/wp-content\/uploads\/2020\/03\/fUNDACIO-maLLORCA-tURISME.jpg\",\"width\":1200,\"height\":1600},{\"@type\":\"BreadcrumbList\",\"@id\":\"https:\/\/www.mallorcaleads.com\/es\/magazine\/ferias\/ibtm-world-2019\/#breadcrumb\",\"itemListElement\":[{\"@type\":\"ListItem\",\"position\":1,\"name\":\"Portada\",\"item\":\"https:\/\/www.mallorcaleads.com\/es\/\"},{\"@type\":\"ListItem\",\"position\":2,\"name\":\"IBTM WORLD 2019\"}]},{\"@type\":\"WebSite\",\"@id\":\"https:\/\/www.mallorcaleads.com\/es\/#website\",\"url\":\"https:\/\/www.mallorcaleads.com\/es\/\",\"name\":\"MallorcaLeads\",\"description\":\"Organizaci\u00f3n de eventos en Mallorca. Consultor\u00eda gratuita.\",\"publisher\":{\"@id\":\"https:\/\/www.mallorcaleads.com\/es\/#organization\"},\"potentialAction\":[{\"@type\":\"SearchAction\",\"target\":{\"@type\":\"EntryPoint\",\"urlTemplate\":\"https:\/\/www.mallorcaleads.com\/es\/?s={search_term_string}\"},\"query-input\":{\"@type\":\"PropertyValueSpecification\",\"valueRequired\":true,\"valueName\":\"search_term_string\"}}],\"inLanguage\":\"es\"},{\"@type\":\"Organization\",\"@id\":\"https:\/\/www.mallorcaleads.com\/es\/#organization\",\"name\":\"Mallorcaleads\",\"url\":\"https:\/\/www.mallorcaleads.com\/es\/\",\"logo\":{\"@type\":\"ImageObject\",\"inLanguage\":\"es\",\"@id\":\"https:\/\/www.mallorcaleads.com\/es\/#\/schema\/logo\/image\/\",\"url\":\"https:\/\/www.mallorcaleads.com\/wp-content\/uploads\/2023\/12\/mallorcaleads-logo-negro.svg\",\"contentUrl\":\"https:\/\/www.mallorcaleads.com\/wp-content\/uploads\/2023\/12\/mallorcaleads-logo-negro.svg\",\"width\":\"1024\",\"height\":\"1024\",\"caption\":\"Mallorcaleads\"},\"image\":{\"@id\":\"https:\/\/www.mallorcaleads.com\/es\/#\/schema\/logo\/image\/\"},\"sameAs\":[\"https:\/\/www.facebook.com\/mallorcaleads\/\",\"https:\/\/www.instagram.com\/mallorcaleads\/\",\"https:\/\/es.linkedin.com\/company\/mallorcaleads\",\"https:\/\/www.youtube.com\/channel\/UCHsLT6PzPAiCSK8vEsAYoMg\/videos?sort=dd&shelf_id=0\"]},{\"@type\":\"Person\",\"@id\":\"https:\/\/www.mallorcaleads.com\/es\/#\/schema\/person\/48a41a2ea5c1cbcdb04030a08912fbd8\",\"name\":\"adminsom2\",\"sameAs\":[\"https:\/\/www.mallorcaleads.com\"]}]}<\/script>\n<!-- \/ Yoast SEO plugin. -->","yoast_head_json":{"title":"IBTM WORLD 2019 - MallorcaLeads","robots":{"index":"index","follow":"follow","max-snippet":"max-snippet:-1","max-image-preview":"max-image-preview:large","max-video-preview":"max-video-preview:-1"},"canonical":"https:\/\/www.mallorcaleads.com\/es\/magazine\/ferias\/ibtm-world-2019\/","og_locale":"es_ES","og_type":"article","og_title":"IBTM WORLD 2019 - MallorcaLeads","og_description":"Este a\u00f1o, ya con plenas competencias en promoci\u00f3n tur\u00edstica, la Fundaci\u00f3 Mallorca Turisme (Consell Insular de Mallorca) ha acudido como expositor independiente a la feria especializada IBTM World de Barcelona. [&hellip;]","og_url":"https:\/\/www.mallorcaleads.com\/es\/magazine\/ferias\/ibtm-world-2019\/","og_site_name":"MallorcaLeads","article_publisher":"https:\/\/www.facebook.com\/mallorcaleads\/","article_published_time":"2019-11-19T09:21:53+00:00","article_modified_time":"2022-03-04T11:47:17+00:00","og_image":[{"width":1200,"height":1600,"url":"https:\/\/www.mallorcaleads.com\/wp-content\/uploads\/2020\/03\/fUNDACIO-maLLORCA-tURISME.jpg","type":"image\/jpeg"}],"author":"adminsom2","twitter_card":"summary_large_image","twitter_misc":{"Escrito por":"adminsom2","Tiempo de lectura":"2 minutos"},"schema":{"@context":"https:\/\/schema.org","@graph":[{"@type":"Article","@id":"https:\/\/www.mallorcaleads.com\/es\/magazine\/ferias\/ibtm-world-2019\/#article","isPartOf":{"@id":"https:\/\/www.mallorcaleads.com\/es\/magazine\/ferias\/ibtm-world-2019\/"},"author":{"name":"adminsom2","@id":"https:\/\/www.mallorcaleads.com\/es\/#\/schema\/person\/48a41a2ea5c1cbcdb04030a08912fbd8"},"headline":"IBTM WORLD 2019","datePublished":"2019-11-19T09:21:53+00:00","dateModified":"2022-03-04T11:47:17+00:00","mainEntityOfPage":{"@id":"https:\/\/www.mallorcaleads.com\/es\/magazine\/ferias\/ibtm-world-2019\/"},"wordCount":126,"publisher":{"@id":"https:\/\/www.mallorcaleads.com\/es\/#organization"},"image":{"@id":"https:\/\/www.mallorcaleads.com\/es\/magazine\/ferias\/ibtm-world-2019\/#primaryimage"},"thumbnailUrl":"https:\/\/www.mallorcaleads.com\/wp-content\/uploads\/2020\/03\/fUNDACIO-maLLORCA-tURISME.jpg","articleSection":["Ferias"],"inLanguage":"es"},{"@type":"WebPage","@id":"https:\/\/www.mallorcaleads.com\/es\/magazine\/ferias\/ibtm-world-2019\/","url":"https:\/\/www.mallorcaleads.com\/es\/magazine\/ferias\/ibtm-world-2019\/","name":"IBTM WORLD 2019 - MallorcaLeads","isPartOf":{"@id":"https:\/\/www.mallorcaleads.com\/es\/#website"},"primaryImageOfPage":{"@id":"https:\/\/www.mallorcaleads.com\/es\/magazine\/ferias\/ibtm-world-2019\/#primaryimage"},"image":{"@id":"https:\/\/www.mallorcaleads.com\/es\/magazine\/ferias\/ibtm-world-2019\/#primaryimage"},"thumbnailUrl":"https:\/\/www.mallorcaleads.com\/wp-content\/uploads\/2020\/03\/fUNDACIO-maLLORCA-tURISME.jpg","datePublished":"2019-11-19T09:21:53+00:00","dateModified":"2022-03-04T11:47:17+00:00","breadcrumb":{"@id":"https:\/\/www.mallorcaleads.com\/es\/magazine\/ferias\/ibtm-world-2019\/#breadcrumb"},"inLanguage":"es","potentialAction":[{"@type":"ReadAction","target":["https:\/\/www.mallorcaleads.com\/es\/magazine\/ferias\/ibtm-world-2019\/"]}]},{"@type":"ImageObject","inLanguage":"es","@id":"https:\/\/www.mallorcaleads.com\/es\/magazine\/ferias\/ibtm-world-2019\/#primaryimage","url":"https:\/\/www.mallorcaleads.com\/wp-content\/uploads\/2020\/03\/fUNDACIO-maLLORCA-tURISME.jpg","contentUrl":"https:\/\/www.mallorcaleads.com\/wp-content\/uploads\/2020\/03\/fUNDACIO-maLLORCA-tURISME.jpg","width":1200,"height":1600},{"@type":"BreadcrumbList","@id":"https:\/\/www.mallorcaleads.com\/es\/magazine\/ferias\/ibtm-world-2019\/#breadcrumb","itemListElement":[{"@type":"ListItem","position":1,"name":"Portada","item":"https:\/\/www.mallorcaleads.com\/es\/"},{"@type":"ListItem","position":2,"name":"IBTM WORLD 2019"}]},{"@type":"WebSite","@id":"https:\/\/www.mallorcaleads.com\/es\/#website","url":"https:\/\/www.mallorcaleads.com\/es\/","name":"MallorcaLeads","description":"Organizaci\u00f3n de eventos en Mallorca. Consultor\u00eda gratuita.","publisher":{"@id":"https:\/\/www.mallorcaleads.com\/es\/#organization"},"potentialAction":[{"@type":"SearchAction","target":{"@type":"EntryPoint","urlTemplate":"https:\/\/www.mallorcaleads.com\/es\/?s={search_term_string}"},"query-input":{"@type":"PropertyValueSpecification","valueRequired":true,"valueName":"search_term_string"}}],"inLanguage":"es"},{"@type":"Organization","@id":"https:\/\/www.mallorcaleads.com\/es\/#organization","name":"Mallorcaleads","url":"https:\/\/www.mallorcaleads.com\/es\/","logo":{"@type":"ImageObject","inLanguage":"es","@id":"https:\/\/www.mallorcaleads.com\/es\/#\/schema\/logo\/image\/","url":"https:\/\/www.mallorcaleads.com\/wp-content\/uploads\/2023\/12\/mallorcaleads-logo-negro.svg","contentUrl":"https:\/\/www.mallorcaleads.com\/wp-content\/uploads\/2023\/12\/mallorcaleads-logo-negro.svg","width":"1024","height":"1024","caption":"Mallorcaleads"},"image":{"@id":"https:\/\/www.mallorcaleads.com\/es\/#\/schema\/logo\/image\/"},"sameAs":["https:\/\/www.facebook.com\/mallorcaleads\/","https:\/\/www.instagram.com\/mallorcaleads\/","https:\/\/es.linkedin.com\/company\/mallorcaleads","https:\/\/www.youtube.com\/channel\/UCHsLT6PzPAiCSK8vEsAYoMg\/videos?sort=dd&shelf_id=0"]},{"@type":"Person","@id":"https:\/\/www.mallorcaleads.com\/es\/#\/schema\/person\/48a41a2ea5c1cbcdb04030a08912fbd8","name":"adminsom2","sameAs":["https:\/\/www.mallorcaleads.com"]}]}},"_links":{"self":[{"href":"https:\/\/www.mallorcaleads.com\/es\/wp-json\/wp\/v2\/posts\/8483","targetHints":{"allow":["GET"]}}],"collection":[{"href":"https:\/\/www.mallorcaleads.com\/es\/wp-json\/wp\/v2\/posts"}],"about":[{"href":"https:\/\/www.mallorcaleads.com\/es\/wp-json\/wp\/v2\/types\/post"}],"author":[{"embeddable":true,"href":"https:\/\/www.mallorcaleads.com\/es\/wp-json\/wp\/v2\/users\/1"}],"replies":[{"embeddable":true,"href":"https:\/\/www.mallorcaleads.com\/es\/wp-json\/wp\/v2\/comments?post=8483"}],"version-history":[{"count":0,"href":"https:\/\/www.mallorcaleads.com\/es\/wp-json\/wp\/v2\/posts\/8483\/revisions"}],"wp:featuredmedia":[{"embeddable":true,"href":"https:\/\/www.mallorcaleads.com\/es\/wp-json\/wp\/v2\/media\/16999"}],"wp:attachment":[{"href":"https:\/\/www.mallorcaleads.com\/es\/wp-json\/wp\/v2\/media?parent=8483"}],"wp:term":[{"taxonomy":"category","embeddable":true,"href":"https:\/\/www.mallorcaleads.com\/es\/wp-json\/wp\/v2\/categories?post=8483"},{"taxonomy":"post_tag","embeddable":true,"href":"https:\/\/www.mallorcaleads.com\/es\/wp-json\/wp\/v2\/tags?post=8483"}],"curies":[{"name":"wp","href":"https:\/\/api.w.org\/{rel}","templated":true}]}}