{"id":36127,"date":"2025-11-25T16:04:12","date_gmt":"2025-11-25T16:04:12","guid":{"rendered":"https:\/\/www.mallorcaleads.com\/?p=36127"},"modified":"2025-12-17T14:20:49","modified_gmt":"2025-12-17T14:20:49","slug":"mallorcaleads-consolida-a-mallorca-como-epicentro-del-turismo-profesional-en-el-mediterraneo","status":"publish","type":"post","link":"https:\/\/www.mallorcaleads.com\/es\/magazine\/mallorca\/mallorcaleads-consolida-a-mallorca-como-epicentro-del-turismo-profesional-en-el-mediterraneo\/","title":{"rendered":"MallorcaLeads consolida a Mallorca como epicentro del turismo profesional en el Mediterr\u00e1neo"},"content":{"rendered":"\t\t<div data-elementor-type=\"wp-post\" data-elementor-id=\"36127\" class=\"elementor elementor-36127\" data-elementor-post-type=\"post\">\n\t\t\t\t\t\t<section class=\"elementor-section elementor-top-section elementor-element elementor-element-fac4a19 elementor-section-boxed elementor-section-height-default elementor-section-height-default qodef-elementor-content-no\" data-id=\"fac4a19\" data-element_type=\"section\" data-e-type=\"section\">\n\t\t\t\t\t\t<div class=\"elementor-container elementor-column-gap-default\">\n\t\t\t\t\t<div class=\"elementor-column elementor-col-100 elementor-top-column elementor-element elementor-element-090a3ee\" data-id=\"090a3ee\" data-element_type=\"column\" data-e-type=\"column\">\n\t\t\t<div class=\"elementor-widget-wrap elementor-element-populated\">\n\t\t\t\t\t\t<div class=\"elementor-element elementor-element-5f335b9 elementor-widget elementor-widget-text-editor\" data-id=\"5f335b9\" data-element_type=\"widget\" data-e-type=\"widget\" data-widget_type=\"text-editor.default\">\n\t\t\t\t<div class=\"elementor-widget-container\">\n\t\t\t\t\t\t\t\t\t<p><span style=\"font-weight: 400;\">Mallorca ha vuelto a demostrar por qu\u00e9 es uno de los <strong>destinos MICE<\/strong> m\u00e1s competitivos del Mediterr\u00e1neo. La <strong>s\u00e9ptima edici\u00f3n del MallorcaLeads International Workshop MICE in Mallorca<\/strong>, celebrada del 29 al 31 de octubre en el municipio de Calvi\u00e0, reuni\u00f3 a agencias internacionales y proveedores locales en un evento que combin\u00f3 sostenibilidad, innovaci\u00f3n y experiencias aut\u00e9nticas. Durante tres intensas jornadas, la isla reforz\u00f3 su posicionamiento como referente en <strong>turismo de reuniones, incentivos y eventos corporativos<\/strong>.<\/span><\/p><p><span style=\"font-weight: 400;\">El encuentro, organizado por <strong>MallorcaLeads<\/strong> con el apoyo de la <a href=\"https:\/\/fundaciomallorcaturisme.net\/es\/\" target=\"_blank\" rel=\"noopener\">Fundaci\u00f3 Turisme Responsable de Mallorca<\/a> y del <a href=\"https:\/\/www.calvia.com\/\" target=\"_blank\" rel=\"noopener\">Ayuntamiento de Calvi\u00e0<\/a> a trav\u00e9s de la <a href=\"https:\/\/www.calvia.com\/ca\/calvia-365\/fundacio-calvia-365\" target=\"_blank\" rel=\"noopener\">Fundaci\u00f3 Calvi\u00e0 365<\/a>, se ha convertido en una cita imprescindible para los profesionales del <strong>sector MICE<\/strong> que buscan destinos vers\u00e1tiles, sostenibles y con infraestructuras de primera calidad.<\/span><\/p><p><img fetchpriority=\"high\" decoding=\"async\" class=\"alignnone size-medium wp-image-36140\" src=\"https:\/\/www.mallorcaleads.com\/wp-content\/uploads\/2025\/11\/Mallorca-epicentro-del-turismo-MICE-en-el-Mediterraneo-hosted-buyers-300x200.webp\" alt=\"\" width=\"300\" height=\"200\" srcset=\"https:\/\/www.mallorcaleads.com\/wp-content\/uploads\/2025\/11\/Mallorca-epicentro-del-turismo-MICE-en-el-Mediterraneo-hosted-buyers-300x200.webp 300w, https:\/\/www.mallorcaleads.com\/wp-content\/uploads\/2025\/11\/Mallorca-epicentro-del-turismo-MICE-en-el-Mediterraneo-hosted-buyers-1024x683.webp 1024w, https:\/\/www.mallorcaleads.com\/wp-content\/uploads\/2025\/11\/Mallorca-epicentro-del-turismo-MICE-en-el-Mediterraneo-hosted-buyers-768x512.webp 768w, https:\/\/www.mallorcaleads.com\/wp-content\/uploads\/2025\/11\/Mallorca-epicentro-del-turismo-MICE-en-el-Mediterraneo-hosted-buyers-1536x1024.webp 1536w, https:\/\/www.mallorcaleads.com\/wp-content\/uploads\/2025\/11\/Mallorca-epicentro-del-turismo-MICE-en-el-Mediterraneo-hosted-buyers-2048x1365.webp 2048w\" sizes=\"(max-width: 300px) 100vw, 300px\" \/><\/p><p><b>Una inauguraci\u00f3n con presencia institucional en un entorno singular<\/b><\/p><p><span style=\"font-weight: 400;\">El evento arranc\u00f3 con una elegante velada de bienvenida en el <a href=\"https:\/\/www.mallorcaleads.com\/proveedores-mice\/secrets-mallorca-villamil-resort-spa\/\">Hotel Secrets Mallorca Villamil Resort &amp; Spa 5*<\/a> (a World of Hyatt), bajo el concepto \u201cHeritage in Motion\u201d. La ceremonia cont\u00f3 con la presencia del alcalde de Calvi\u00e0, Juan Antonio Amengual; Jaime Mora, director general de Turismo y Comunicaciones del Ayuntamiento de Calvi\u00e0; Alejandro Garrido, director del hotel anfitri\u00f3n; y <strong>Asun Prats<\/strong>, <strong>CEO de MallorcaLeads<\/strong>.<\/span><\/p><p><img decoding=\"async\" class=\"alignnone size-medium wp-image-36133\" src=\"https:\/\/www.mallorcaleads.com\/wp-content\/uploads\/2025\/11\/Mallorca-epicentro-del-turismo-MICE-en-el-Mediterra-institucionesneo-300x200.webp\" alt=\"\" width=\"300\" height=\"200\" srcset=\"https:\/\/www.mallorcaleads.com\/wp-content\/uploads\/2025\/11\/Mallorca-epicentro-del-turismo-MICE-en-el-Mediterra-institucionesneo-300x200.webp 300w, https:\/\/www.mallorcaleads.com\/wp-content\/uploads\/2025\/11\/Mallorca-epicentro-del-turismo-MICE-en-el-Mediterra-institucionesneo-1024x681.webp 1024w, https:\/\/www.mallorcaleads.com\/wp-content\/uploads\/2025\/11\/Mallorca-epicentro-del-turismo-MICE-en-el-Mediterra-institucionesneo-768x511.webp 768w, https:\/\/www.mallorcaleads.com\/wp-content\/uploads\/2025\/11\/Mallorca-epicentro-del-turismo-MICE-en-el-Mediterra-institucionesneo-1536x1022.webp 1536w, https:\/\/www.mallorcaleads.com\/wp-content\/uploads\/2025\/11\/Mallorca-epicentro-del-turismo-MICE-en-el-Mediterra-institucionesneo-2048x1363.webp 2048w\" sizes=\"(max-width: 300px) 100vw, 300px\" \/><\/p><p><span style=\"font-weight: 400;\">El c\u00f3ctel de inauguraci\u00f3n, celebrado frente al mar, sirvi\u00f3 como punto de encuentro entre agencias procedentes de Suecia, Alemania y Espa\u00f1a, y <strong>proveedores del sector MICE<\/strong> de la isla. Este primer encuentro marc\u00f3 la l\u00ednea del programa: promover un turismo de eventos sostenible, aut\u00e9ntico y conectado con la esencia de Mallorca.<\/span><\/p><p><b>Tres d\u00edas de networking, sostenibilidad e inmersi\u00f3n en el destino Mallorca<\/b><\/p><p><span style=\"font-weight: 400;\">El <strong>coraz\u00f3n del workshop<\/strong> se desarroll\u00f3 a lo largo de tres jornadas que combinaron reuniones profesionales, actividades de networking y experiencias dise\u00f1adas para mostrar la diversidad del destino. <strong>Uno<\/strong> de los momentos m\u00e1s destacados fue la ruta por la <strong>Serra de Tramuntana, Patrimonio Mundial de la UNESCO<\/strong>, realizada a trav\u00e9s de un iPad Challenge en movilidad sostenible.<\/span><\/p><p><span style=\"font-weight: 400;\">Gracias a <a href=\"https:\/\/www.mallorcaleads.com\/proveedores-mice\/roig-mobility-experiences\/\">ROIG Mobility &amp; Experiences<\/a> y <a href=\"https:\/\/www.mallorcaleads.com\/proveedores-mice\/lifexperiences\/\">LifeXperiences<\/a>, los participantes recorrieron paisajes emblem\u00e1ticos a bordo de coches el\u00e9ctricos de alta gama. Esta iniciativa permiti\u00f3 redescubrir <strong>Mallorca<\/strong> desde una perspectiva responsable, integrando naturaleza, innovaci\u00f3n y trabajo en equipo: un ejemplo perfecto de c\u00f3mo la isla est\u00e1 apostando por un modelo de turismo <strong>MICE sostenible<\/strong>.<\/span><\/p><p><img decoding=\"async\" class=\"alignnone size-medium wp-image-36146\" src=\"https:\/\/www.mallorcaleads.com\/wp-content\/uploads\/2025\/11\/Mallorca-epicentro-del-turismo-MICE-en-el-Mediterraneo-roig-mobility-experiences-300x135.webp\" alt=\"\" width=\"300\" height=\"135\" srcset=\"https:\/\/www.mallorcaleads.com\/wp-content\/uploads\/2025\/11\/Mallorca-epicentro-del-turismo-MICE-en-el-Mediterraneo-roig-mobility-experiences-300x135.webp 300w, https:\/\/www.mallorcaleads.com\/wp-content\/uploads\/2025\/11\/Mallorca-epicentro-del-turismo-MICE-en-el-Mediterraneo-roig-mobility-experiences-1024x461.webp 1024w, https:\/\/www.mallorcaleads.com\/wp-content\/uploads\/2025\/11\/Mallorca-epicentro-del-turismo-MICE-en-el-Mediterraneo-roig-mobility-experiences-768x346.webp 768w, https:\/\/www.mallorcaleads.com\/wp-content\/uploads\/2025\/11\/Mallorca-epicentro-del-turismo-MICE-en-el-Mediterraneo-roig-mobility-experiences-1536x691.webp 1536w, https:\/\/www.mallorcaleads.com\/wp-content\/uploads\/2025\/11\/Mallorca-epicentro-del-turismo-MICE-en-el-Mediterraneo-roig-mobility-experiences.webp 2000w\" sizes=\"(max-width: 300px) 100vw, 300px\" \/><\/p><p><b>Una cena de gala inolvidable y un final con sabor local<\/b><\/p><p><span style=\"font-weight: 400;\">La jornada central culmin\u00f3 con una espectacular cena de gala en Finca Son Mir, bajo el concepto \u201cLa Nit de les \u00c0nimes\u201d. El prestigioso <a href=\"https:\/\/www.mallorcaleads.com\/proveedores-mice\/fosh-catering\/\">catering de Fosh<\/a> y la actuaci\u00f3n en directo de Rumbabros, gracias a la colaboraci\u00f3n de <a href=\"https:\/\/www.mallorcaleads.com\/proveedores-mice\/lomusic\/\">LOMUSIC<\/a>, crearon una atm\u00f3sfera m\u00e1gica que celebr\u00f3 el talento y la creatividad de Mallorca. Un evento que combin\u00f3 gastronom\u00eda, m\u00fasica y tradici\u00f3n, y que dej\u00f3 huella entre los asistentes.<\/span><\/p><p><img loading=\"lazy\" decoding=\"async\" class=\"alignnone size-medium wp-image-36142\" src=\"https:\/\/www.mallorcaleads.com\/wp-content\/uploads\/2025\/11\/Mallorca-epicentro-del-turismo-MICE-en-el-Mediterraneo-lo-music-fosh-catering-300x200.webp\" alt=\"\" width=\"300\" height=\"200\" srcset=\"https:\/\/www.mallorcaleads.com\/wp-content\/uploads\/2025\/11\/Mallorca-epicentro-del-turismo-MICE-en-el-Mediterraneo-lo-music-fosh-catering-300x200.webp 300w, https:\/\/www.mallorcaleads.com\/wp-content\/uploads\/2025\/11\/Mallorca-epicentro-del-turismo-MICE-en-el-Mediterraneo-lo-music-fosh-catering-1024x683.webp 1024w, https:\/\/www.mallorcaleads.com\/wp-content\/uploads\/2025\/11\/Mallorca-epicentro-del-turismo-MICE-en-el-Mediterraneo-lo-music-fosh-catering-768x512.webp 768w, https:\/\/www.mallorcaleads.com\/wp-content\/uploads\/2025\/11\/Mallorca-epicentro-del-turismo-MICE-en-el-Mediterraneo-lo-music-fosh-catering-1536x1024.webp 1536w, https:\/\/www.mallorcaleads.com\/wp-content\/uploads\/2025\/11\/Mallorca-epicentro-del-turismo-MICE-en-el-Mediterraneo-lo-music-fosh-catering-2048x1365.webp 2048w\" sizes=\"(max-width: 300px) 100vw, 300px\" \/><\/p><p><span style=\"font-weight: 400;\">El <strong>workshop<\/strong> concluy\u00f3 en <a href=\"https:\/\/www.mallorcaleads.com\/proveedores-mice\/gastroteca-mauricio\/\">Gastroteca Mauricio<\/a>, donde los <strong>hosted buyers<\/strong> disfrutaron de un almuerzo basado en <strong>producto local<\/strong>. Esta propuesta gastron\u00f3mica reforz\u00f3 el valor de la identidad culinaria de la isla y su papel clave en la <strong>oferta MICE contempor\u00e1nea<\/strong>.<\/span><\/p><p><img loading=\"lazy\" decoding=\"async\" class=\"alignnone size-medium wp-image-36135\" src=\"https:\/\/www.mallorcaleads.com\/wp-content\/uploads\/2025\/11\/Mallorca-epicentro-del-turismo-MICE-en-el-Mediterraneo-gastroteca-mauricio-300x200.webp\" alt=\"\" width=\"300\" height=\"200\" srcset=\"https:\/\/www.mallorcaleads.com\/wp-content\/uploads\/2025\/11\/Mallorca-epicentro-del-turismo-MICE-en-el-Mediterraneo-gastroteca-mauricio-300x200.webp 300w, https:\/\/www.mallorcaleads.com\/wp-content\/uploads\/2025\/11\/Mallorca-epicentro-del-turismo-MICE-en-el-Mediterraneo-gastroteca-mauricio-1024x684.webp 1024w, https:\/\/www.mallorcaleads.com\/wp-content\/uploads\/2025\/11\/Mallorca-epicentro-del-turismo-MICE-en-el-Mediterraneo-gastroteca-mauricio-768x513.webp 768w, https:\/\/www.mallorcaleads.com\/wp-content\/uploads\/2025\/11\/Mallorca-epicentro-del-turismo-MICE-en-el-Mediterraneo-gastroteca-mauricio.webp 1280w\" sizes=\"(max-width: 300px) 100vw, 300px\" \/><\/p><p><b>Mallorca, un destino MICE l\u00edder, sostenible y competitivo<\/b><\/p><p><span style=\"font-weight: 400;\">Con esta <strong>s\u00e9ptima edici\u00f3n<\/strong>, el MallorcaLeads International Workshop vuelve a confirmar que Mallorca es mucho m\u00e1s que un destino de sol y playa: es un escenario perfecto para <strong>reuniones, incentivos y eventos corporativos de alto nivel<\/strong>. La organizaci\u00f3n y los participantes destacaron el excelente equilibrio entre infraestructuras modernas, apuesta por la sostenibilidad, autenticidad local y una oferta experiencial de primer orden.<\/span><\/p><p><span style=\"font-weight: 400;\">El evento cont\u00f3 con el patrocinio de la <a href=\"https:\/\/fundaciomallorcaturisme.net\/es\/\" target=\"_blank\" rel=\"noopener\">Fundaci\u00f3 Turisme Responsable de Mallorca<\/a> y la <a href=\"https:\/\/www.calvia.com\/ca\/calvia-365\/fundacio-calvia-365\" target=\"_blank\" rel=\"noopener\">Fundaci\u00f3 Calvi\u00e0 365<\/a>, adem\u00e1s del apoyo de empresas destacadas como <\/span><b><a href=\"https:\/\/www.mallorcaleads.com\/proveedores-mice\/aico-audiovisuales\/\">AICO Event Production<\/a>, <a href=\"https:\/\/www.mallorcaleads.com\/proveedores-mice\/air-europa\/\">Air Europa<\/a>, <a href=\"https:\/\/alejandrocrespi.com\/\" target=\"_blank\" rel=\"noopener\">Alejandro Cresp\u00ed Photographer<\/a>, <a href=\"https:\/\/www.mallorcaleads.com\/proveedores-mice\/fosh-catering\/\">Fosh Catering<\/a>, <a href=\"https:\/\/www.mallorcaleads.com\/proveedores-mice\/finca-son-termes\/\">Finca Son Termes<\/a>, <a href=\"https:\/\/www.mallorcaleads.com\/proveedores-mice\/lomusic\/\">Lomusic<\/a>, <a href=\"https:\/\/www.mallorcaleads.com\/proveedores-mice\/lifexperiences\/\">LifeXperiences Events &amp; Incentives<\/a>, <a href=\"https:\/\/www.mallorcaleads.com\/proveedores-mice\/mallorca-nature\/\">Mallorca Nature<\/a>, <a href=\"https:\/\/memodreams.com\/\" target=\"_blank\" rel=\"noopener\">Memodreams<\/a>, <a href=\"https:\/\/www.mallorcaleads.com\/proveedores-mice\/met-productions\/\">MET Productions<\/a>, <a href=\"https:\/\/www.mallorcaleads.com\/proveedores-mice\/nikki-beach-mallorca\/\">Nikki Beach Mallorca<\/a>, <a href=\"https:\/\/www.mallorcaleads.com\/proveedores-mice\/pinup-azafatas-y-eventos\/\">Pinup Azafatas<\/a>, <a href=\"https:\/\/www.mallorcaleads.com\/proveedores-mice\/roig-mobility-experiences\/\">ROIG Mobility &amp; Experiences<\/a>, <a href=\"https:\/\/www.mallorcaleads.com\/proveedores-mice\/secrets-mallorca-villamil-resort-spa\/\">Secrets Mallorca Villamil Resort &amp; Spa<\/a>, <a href=\"https:\/\/www.instagram.com\/skylion.films\/?hl=\" target=\"_blank\" rel=\"noopener\">Sky Lion Films<\/a>, <a href=\"https:\/\/www.mallorcaleads.com\/proveedores-mice\/gastroteca-mauricio\/\">Gastroteca Mauricio<\/a> y <a href=\"https:\/\/www.mallorcaleads.com\/proveedores-mice\/transfer-class\/\">Transfer Class<\/a>.<\/b><\/p><p><img loading=\"lazy\" decoding=\"async\" class=\"alignnone size-medium wp-image-36148\" src=\"https:\/\/www.mallorcaleads.com\/wp-content\/uploads\/2025\/11\/Mallorca-epicentro-del-turismo-MICE-en-el-Mediterraneo-secrets-mallorca-villamil-resort-spa-300x200.webp\" alt=\"\" width=\"300\" height=\"200\" srcset=\"https:\/\/www.mallorcaleads.com\/wp-content\/uploads\/2025\/11\/Mallorca-epicentro-del-turismo-MICE-en-el-Mediterraneo-secrets-mallorca-villamil-resort-spa-300x200.webp 300w, https:\/\/www.mallorcaleads.com\/wp-content\/uploads\/2025\/11\/Mallorca-epicentro-del-turismo-MICE-en-el-Mediterraneo-secrets-mallorca-villamil-resort-spa-1024x684.webp 1024w, https:\/\/www.mallorcaleads.com\/wp-content\/uploads\/2025\/11\/Mallorca-epicentro-del-turismo-MICE-en-el-Mediterraneo-secrets-mallorca-villamil-resort-spa-768x513.webp 768w, https:\/\/www.mallorcaleads.com\/wp-content\/uploads\/2025\/11\/Mallorca-epicentro-del-turismo-MICE-en-el-Mediterraneo-secrets-mallorca-villamil-resort-spa.webp 1280w\" sizes=\"(max-width: 300px) 100vw, 300px\" \/><\/p><p><span style=\"font-weight: 400;\"><strong>Mallorca<\/strong> reafirma as\u00ed su posici\u00f3n como uno de los <strong>destinos MICE m\u00e1s atractivos del Mediterr\u00e1neo<\/strong>, una isla donde las empresas pueden conectar, crear y vivir experiencias \u00fanicas en un entorno incomparable.<\/span><\/p>\t\t\t\t\t\t\t\t<\/div>\n\t\t\t\t<\/div>\n\t\t\t\t\t<\/div>\n\t\t<\/div>\n\t\t\t\t\t<\/div>\n\t\t<\/section>\n\t\t\t\t<\/div>\n\t\t","protected":false},"excerpt":{"rendered":"<p>Mallorca ha vuelto a demostrar por qu\u00e9 es uno de los destinos MICE m\u00e1s competitivos del Mediterr\u00e1neo. La s\u00e9ptima edici\u00f3n del MallorcaLeads International Workshop MICE in Mallorca, celebrada del 29 [&hellip;]<\/p>\n","protected":false},"author":5,"featured_media":36244,"comment_status":"closed","ping_status":"closed","sticky":false,"template":"","format":"standard","meta":{"_acf_changed":false,"inline_featured_image":false,"footnotes":""},"categories":[83,107],"tags":[],"class_list":["post-36127","post","type-post","status-publish","format-standard","has-post-thumbnail","hentry","category-mallorca","category-tendencias"],"acf":[],"yoast_head":"<!-- This site is optimized with the Yoast SEO plugin v27.2 - https:\/\/yoast.com\/product\/yoast-seo-wordpress\/ -->\n<title>Mallorca, epicentro del turismo MICE en el Mediterr\u00e1neo<\/title>\n<meta name=\"description\" content=\"Mallorca brilla como destino MICE l\u00edder en el Mediterr\u00e1neo: experiencias \u00fanicas, sostenibilidad, networking y eventos que inspiran a profesionales de todo el mundo.\" \/>\n<meta name=\"robots\" content=\"index, follow, max-snippet:-1, max-image-preview:large, max-video-preview:-1\" \/>\n<link rel=\"canonical\" href=\"https:\/\/www.mallorcaleads.com\/es\/magazine\/mallorca\/mallorcaleads-consolida-a-mallorca-como-epicentro-del-turismo-profesional-en-el-mediterraneo\/\" \/>\n<meta property=\"og:locale\" content=\"es_ES\" \/>\n<meta property=\"og:type\" content=\"article\" \/>\n<meta property=\"og:title\" content=\"Mallorca, epicentro del turismo MICE en el Mediterr\u00e1neo\" \/>\n<meta property=\"og:description\" content=\"Mallorca brilla como destino MICE l\u00edder en el Mediterr\u00e1neo: experiencias \u00fanicas, sostenibilidad, networking y eventos que inspiran a profesionales de todo el mundo.\" \/>\n<meta property=\"og:url\" content=\"https:\/\/www.mallorcaleads.com\/es\/magazine\/mallorca\/mallorcaleads-consolida-a-mallorca-como-epicentro-del-turismo-profesional-en-el-mediterraneo\/\" \/>\n<meta property=\"og:site_name\" content=\"MallorcaLeads\" \/>\n<meta property=\"article:publisher\" content=\"https:\/\/www.facebook.com\/mallorcaleads\/\" \/>\n<meta property=\"article:published_time\" content=\"2025-11-25T16:04:12+00:00\" \/>\n<meta property=\"article:modified_time\" content=\"2025-12-17T14:20:49+00:00\" \/>\n<meta property=\"og:image\" content=\"https:\/\/www.mallorcaleads.com\/wp-content\/uploads\/2025\/12\/Workshop_ML_1080x1080.webp\" \/>\n\t<meta property=\"og:image:width\" content=\"1080\" \/>\n\t<meta property=\"og:image:height\" content=\"1080\" \/>\n\t<meta property=\"og:image:type\" content=\"image\/webp\" \/>\n<meta name=\"author\" content=\"rosunamleads\" \/>\n<meta name=\"twitter:card\" content=\"summary_large_image\" \/>\n<meta name=\"twitter:label1\" content=\"Escrito por\" \/>\n\t<meta name=\"twitter:data1\" content=\"rosunamleads\" \/>\n\t<meta name=\"twitter:label2\" content=\"Tiempo de lectura\" \/>\n\t<meta name=\"twitter:data2\" content=\"4 minutos\" \/>\n<script type=\"application\/ld+json\" class=\"yoast-schema-graph\">{\"@context\":\"https:\/\/schema.org\",\"@graph\":[{\"@type\":\"Article\",\"@id\":\"https:\/\/www.mallorcaleads.com\/es\/magazine\/mallorca\/mallorcaleads-consolida-a-mallorca-como-epicentro-del-turismo-profesional-en-el-mediterraneo\/#article\",\"isPartOf\":{\"@id\":\"https:\/\/www.mallorcaleads.com\/es\/magazine\/mallorca\/mallorcaleads-consolida-a-mallorca-como-epicentro-del-turismo-profesional-en-el-mediterraneo\/\"},\"author\":{\"name\":\"rosunamleads\",\"@id\":\"https:\/\/www.mallorcaleads.com\/es\/#\/schema\/person\/506e19bbccf358e672526d089c3827be\"},\"headline\":\"MallorcaLeads consolida a Mallorca como epicentro del turismo profesional en el Mediterr\u00e1neo\",\"datePublished\":\"2025-11-25T16:04:12+00:00\",\"dateModified\":\"2025-12-17T14:20:49+00:00\",\"mainEntityOfPage\":{\"@id\":\"https:\/\/www.mallorcaleads.com\/es\/magazine\/mallorca\/mallorcaleads-consolida-a-mallorca-como-epicentro-del-turismo-profesional-en-el-mediterraneo\/\"},\"wordCount\":714,\"publisher\":{\"@id\":\"https:\/\/www.mallorcaleads.com\/es\/#organization\"},\"image\":{\"@id\":\"https:\/\/www.mallorcaleads.com\/es\/magazine\/mallorca\/mallorcaleads-consolida-a-mallorca-como-epicentro-del-turismo-profesional-en-el-mediterraneo\/#primaryimage\"},\"thumbnailUrl\":\"https:\/\/www.mallorcaleads.com\/wp-content\/uploads\/2025\/12\/Workshop_ML_1080x1080.webp\",\"articleSection\":[\"Mallorca\",\"Tendencias\"],\"inLanguage\":\"es\"},{\"@type\":\"WebPage\",\"@id\":\"https:\/\/www.mallorcaleads.com\/es\/magazine\/mallorca\/mallorcaleads-consolida-a-mallorca-como-epicentro-del-turismo-profesional-en-el-mediterraneo\/\",\"url\":\"https:\/\/www.mallorcaleads.com\/es\/magazine\/mallorca\/mallorcaleads-consolida-a-mallorca-como-epicentro-del-turismo-profesional-en-el-mediterraneo\/\",\"name\":\"Mallorca, epicentro del turismo MICE en el Mediterr\u00e1neo\",\"isPartOf\":{\"@id\":\"https:\/\/www.mallorcaleads.com\/es\/#website\"},\"primaryImageOfPage\":{\"@id\":\"https:\/\/www.mallorcaleads.com\/es\/magazine\/mallorca\/mallorcaleads-consolida-a-mallorca-como-epicentro-del-turismo-profesional-en-el-mediterraneo\/#primaryimage\"},\"image\":{\"@id\":\"https:\/\/www.mallorcaleads.com\/es\/magazine\/mallorca\/mallorcaleads-consolida-a-mallorca-como-epicentro-del-turismo-profesional-en-el-mediterraneo\/#primaryimage\"},\"thumbnailUrl\":\"https:\/\/www.mallorcaleads.com\/wp-content\/uploads\/2025\/12\/Workshop_ML_1080x1080.webp\",\"datePublished\":\"2025-11-25T16:04:12+00:00\",\"dateModified\":\"2025-12-17T14:20:49+00:00\",\"description\":\"Mallorca brilla como destino MICE l\u00edder en el Mediterr\u00e1neo: experiencias \u00fanicas, sostenibilidad, networking y eventos que inspiran a profesionales de todo el mundo.\",\"breadcrumb\":{\"@id\":\"https:\/\/www.mallorcaleads.com\/es\/magazine\/mallorca\/mallorcaleads-consolida-a-mallorca-como-epicentro-del-turismo-profesional-en-el-mediterraneo\/#breadcrumb\"},\"inLanguage\":\"es\",\"potentialAction\":[{\"@type\":\"ReadAction\",\"target\":[\"https:\/\/www.mallorcaleads.com\/es\/magazine\/mallorca\/mallorcaleads-consolida-a-mallorca-como-epicentro-del-turismo-profesional-en-el-mediterraneo\/\"]}]},{\"@type\":\"ImageObject\",\"inLanguage\":\"es\",\"@id\":\"https:\/\/www.mallorcaleads.com\/es\/magazine\/mallorca\/mallorcaleads-consolida-a-mallorca-como-epicentro-del-turismo-profesional-en-el-mediterraneo\/#primaryimage\",\"url\":\"https:\/\/www.mallorcaleads.com\/wp-content\/uploads\/2025\/12\/Workshop_ML_1080x1080.webp\",\"contentUrl\":\"https:\/\/www.mallorcaleads.com\/wp-content\/uploads\/2025\/12\/Workshop_ML_1080x1080.webp\",\"width\":1080,\"height\":1080},{\"@type\":\"BreadcrumbList\",\"@id\":\"https:\/\/www.mallorcaleads.com\/es\/magazine\/mallorca\/mallorcaleads-consolida-a-mallorca-como-epicentro-del-turismo-profesional-en-el-mediterraneo\/#breadcrumb\",\"itemListElement\":[{\"@type\":\"ListItem\",\"position\":1,\"name\":\"Portada\",\"item\":\"https:\/\/www.mallorcaleads.com\/es\/\"},{\"@type\":\"ListItem\",\"position\":2,\"name\":\"MallorcaLeads consolida a Mallorca como epicentro del turismo profesional en el Mediterr\u00e1neo\"}]},{\"@type\":\"WebSite\",\"@id\":\"https:\/\/www.mallorcaleads.com\/es\/#website\",\"url\":\"https:\/\/www.mallorcaleads.com\/es\/\",\"name\":\"MallorcaLeads\",\"description\":\"Organizaci\u00f3n de eventos en Mallorca. Consultor\u00eda gratuita.\",\"publisher\":{\"@id\":\"https:\/\/www.mallorcaleads.com\/es\/#organization\"},\"potentialAction\":[{\"@type\":\"SearchAction\",\"target\":{\"@type\":\"EntryPoint\",\"urlTemplate\":\"https:\/\/www.mallorcaleads.com\/es\/?s={search_term_string}\"},\"query-input\":{\"@type\":\"PropertyValueSpecification\",\"valueRequired\":true,\"valueName\":\"search_term_string\"}}],\"inLanguage\":\"es\"},{\"@type\":\"Organization\",\"@id\":\"https:\/\/www.mallorcaleads.com\/es\/#organization\",\"name\":\"Mallorcaleads\",\"url\":\"https:\/\/www.mallorcaleads.com\/es\/\",\"logo\":{\"@type\":\"ImageObject\",\"inLanguage\":\"es\",\"@id\":\"https:\/\/www.mallorcaleads.com\/es\/#\/schema\/logo\/image\/\",\"url\":\"https:\/\/www.mallorcaleads.com\/wp-content\/uploads\/2023\/12\/mallorcaleads-logo-negro.svg\",\"contentUrl\":\"https:\/\/www.mallorcaleads.com\/wp-content\/uploads\/2023\/12\/mallorcaleads-logo-negro.svg\",\"width\":\"1024\",\"height\":\"1024\",\"caption\":\"Mallorcaleads\"},\"image\":{\"@id\":\"https:\/\/www.mallorcaleads.com\/es\/#\/schema\/logo\/image\/\"},\"sameAs\":[\"https:\/\/www.facebook.com\/mallorcaleads\/\",\"https:\/\/www.instagram.com\/mallorcaleads\/\",\"https:\/\/es.linkedin.com\/company\/mallorcaleads\",\"https:\/\/www.youtube.com\/channel\/UCHsLT6PzPAiCSK8vEsAYoMg\/videos?sort=dd&shelf_id=0\"]},{\"@type\":\"Person\",\"@id\":\"https:\/\/www.mallorcaleads.com\/es\/#\/schema\/person\/506e19bbccf358e672526d089c3827be\",\"name\":\"rosunamleads\"}]}<\/script>\n<!-- \/ Yoast SEO plugin. -->","yoast_head_json":{"title":"Mallorca, epicentro del turismo MICE en el Mediterr\u00e1neo","description":"Mallorca brilla como destino MICE l\u00edder en el Mediterr\u00e1neo: experiencias \u00fanicas, sostenibilidad, networking y eventos que inspiran a profesionales de todo el mundo.","robots":{"index":"index","follow":"follow","max-snippet":"max-snippet:-1","max-image-preview":"max-image-preview:large","max-video-preview":"max-video-preview:-1"},"canonical":"https:\/\/www.mallorcaleads.com\/es\/magazine\/mallorca\/mallorcaleads-consolida-a-mallorca-como-epicentro-del-turismo-profesional-en-el-mediterraneo\/","og_locale":"es_ES","og_type":"article","og_title":"Mallorca, epicentro del turismo MICE en el Mediterr\u00e1neo","og_description":"Mallorca brilla como destino MICE l\u00edder en el Mediterr\u00e1neo: experiencias \u00fanicas, sostenibilidad, networking y eventos que inspiran a profesionales de todo el mundo.","og_url":"https:\/\/www.mallorcaleads.com\/es\/magazine\/mallorca\/mallorcaleads-consolida-a-mallorca-como-epicentro-del-turismo-profesional-en-el-mediterraneo\/","og_site_name":"MallorcaLeads","article_publisher":"https:\/\/www.facebook.com\/mallorcaleads\/","article_published_time":"2025-11-25T16:04:12+00:00","article_modified_time":"2025-12-17T14:20:49+00:00","og_image":[{"width":1080,"height":1080,"url":"https:\/\/www.mallorcaleads.com\/wp-content\/uploads\/2025\/12\/Workshop_ML_1080x1080.webp","type":"image\/webp"}],"author":"rosunamleads","twitter_card":"summary_large_image","twitter_misc":{"Escrito por":"rosunamleads","Tiempo de lectura":"4 minutos"},"schema":{"@context":"https:\/\/schema.org","@graph":[{"@type":"Article","@id":"https:\/\/www.mallorcaleads.com\/es\/magazine\/mallorca\/mallorcaleads-consolida-a-mallorca-como-epicentro-del-turismo-profesional-en-el-mediterraneo\/#article","isPartOf":{"@id":"https:\/\/www.mallorcaleads.com\/es\/magazine\/mallorca\/mallorcaleads-consolida-a-mallorca-como-epicentro-del-turismo-profesional-en-el-mediterraneo\/"},"author":{"name":"rosunamleads","@id":"https:\/\/www.mallorcaleads.com\/es\/#\/schema\/person\/506e19bbccf358e672526d089c3827be"},"headline":"MallorcaLeads consolida a Mallorca como epicentro del turismo profesional en el Mediterr\u00e1neo","datePublished":"2025-11-25T16:04:12+00:00","dateModified":"2025-12-17T14:20:49+00:00","mainEntityOfPage":{"@id":"https:\/\/www.mallorcaleads.com\/es\/magazine\/mallorca\/mallorcaleads-consolida-a-mallorca-como-epicentro-del-turismo-profesional-en-el-mediterraneo\/"},"wordCount":714,"publisher":{"@id":"https:\/\/www.mallorcaleads.com\/es\/#organization"},"image":{"@id":"https:\/\/www.mallorcaleads.com\/es\/magazine\/mallorca\/mallorcaleads-consolida-a-mallorca-como-epicentro-del-turismo-profesional-en-el-mediterraneo\/#primaryimage"},"thumbnailUrl":"https:\/\/www.mallorcaleads.com\/wp-content\/uploads\/2025\/12\/Workshop_ML_1080x1080.webp","articleSection":["Mallorca","Tendencias"],"inLanguage":"es"},{"@type":"WebPage","@id":"https:\/\/www.mallorcaleads.com\/es\/magazine\/mallorca\/mallorcaleads-consolida-a-mallorca-como-epicentro-del-turismo-profesional-en-el-mediterraneo\/","url":"https:\/\/www.mallorcaleads.com\/es\/magazine\/mallorca\/mallorcaleads-consolida-a-mallorca-como-epicentro-del-turismo-profesional-en-el-mediterraneo\/","name":"Mallorca, epicentro del turismo MICE en el Mediterr\u00e1neo","isPartOf":{"@id":"https:\/\/www.mallorcaleads.com\/es\/#website"},"primaryImageOfPage":{"@id":"https:\/\/www.mallorcaleads.com\/es\/magazine\/mallorca\/mallorcaleads-consolida-a-mallorca-como-epicentro-del-turismo-profesional-en-el-mediterraneo\/#primaryimage"},"image":{"@id":"https:\/\/www.mallorcaleads.com\/es\/magazine\/mallorca\/mallorcaleads-consolida-a-mallorca-como-epicentro-del-turismo-profesional-en-el-mediterraneo\/#primaryimage"},"thumbnailUrl":"https:\/\/www.mallorcaleads.com\/wp-content\/uploads\/2025\/12\/Workshop_ML_1080x1080.webp","datePublished":"2025-11-25T16:04:12+00:00","dateModified":"2025-12-17T14:20:49+00:00","description":"Mallorca brilla como destino MICE l\u00edder en el Mediterr\u00e1neo: experiencias \u00fanicas, sostenibilidad, networking y eventos que inspiran a profesionales de todo el mundo.","breadcrumb":{"@id":"https:\/\/www.mallorcaleads.com\/es\/magazine\/mallorca\/mallorcaleads-consolida-a-mallorca-como-epicentro-del-turismo-profesional-en-el-mediterraneo\/#breadcrumb"},"inLanguage":"es","potentialAction":[{"@type":"ReadAction","target":["https:\/\/www.mallorcaleads.com\/es\/magazine\/mallorca\/mallorcaleads-consolida-a-mallorca-como-epicentro-del-turismo-profesional-en-el-mediterraneo\/"]}]},{"@type":"ImageObject","inLanguage":"es","@id":"https:\/\/www.mallorcaleads.com\/es\/magazine\/mallorca\/mallorcaleads-consolida-a-mallorca-como-epicentro-del-turismo-profesional-en-el-mediterraneo\/#primaryimage","url":"https:\/\/www.mallorcaleads.com\/wp-content\/uploads\/2025\/12\/Workshop_ML_1080x1080.webp","contentUrl":"https:\/\/www.mallorcaleads.com\/wp-content\/uploads\/2025\/12\/Workshop_ML_1080x1080.webp","width":1080,"height":1080},{"@type":"BreadcrumbList","@id":"https:\/\/www.mallorcaleads.com\/es\/magazine\/mallorca\/mallorcaleads-consolida-a-mallorca-como-epicentro-del-turismo-profesional-en-el-mediterraneo\/#breadcrumb","itemListElement":[{"@type":"ListItem","position":1,"name":"Portada","item":"https:\/\/www.mallorcaleads.com\/es\/"},{"@type":"ListItem","position":2,"name":"MallorcaLeads consolida a Mallorca como epicentro del turismo profesional en el Mediterr\u00e1neo"}]},{"@type":"WebSite","@id":"https:\/\/www.mallorcaleads.com\/es\/#website","url":"https:\/\/www.mallorcaleads.com\/es\/","name":"MallorcaLeads","description":"Organizaci\u00f3n de eventos en Mallorca. Consultor\u00eda gratuita.","publisher":{"@id":"https:\/\/www.mallorcaleads.com\/es\/#organization"},"potentialAction":[{"@type":"SearchAction","target":{"@type":"EntryPoint","urlTemplate":"https:\/\/www.mallorcaleads.com\/es\/?s={search_term_string}"},"query-input":{"@type":"PropertyValueSpecification","valueRequired":true,"valueName":"search_term_string"}}],"inLanguage":"es"},{"@type":"Organization","@id":"https:\/\/www.mallorcaleads.com\/es\/#organization","name":"Mallorcaleads","url":"https:\/\/www.mallorcaleads.com\/es\/","logo":{"@type":"ImageObject","inLanguage":"es","@id":"https:\/\/www.mallorcaleads.com\/es\/#\/schema\/logo\/image\/","url":"https:\/\/www.mallorcaleads.com\/wp-content\/uploads\/2023\/12\/mallorcaleads-logo-negro.svg","contentUrl":"https:\/\/www.mallorcaleads.com\/wp-content\/uploads\/2023\/12\/mallorcaleads-logo-negro.svg","width":"1024","height":"1024","caption":"Mallorcaleads"},"image":{"@id":"https:\/\/www.mallorcaleads.com\/es\/#\/schema\/logo\/image\/"},"sameAs":["https:\/\/www.facebook.com\/mallorcaleads\/","https:\/\/www.instagram.com\/mallorcaleads\/","https:\/\/es.linkedin.com\/company\/mallorcaleads","https:\/\/www.youtube.com\/channel\/UCHsLT6PzPAiCSK8vEsAYoMg\/videos?sort=dd&shelf_id=0"]},{"@type":"Person","@id":"https:\/\/www.mallorcaleads.com\/es\/#\/schema\/person\/506e19bbccf358e672526d089c3827be","name":"rosunamleads"}]}},"_links":{"self":[{"href":"https:\/\/www.mallorcaleads.com\/es\/wp-json\/wp\/v2\/posts\/36127","targetHints":{"allow":["GET"]}}],"collection":[{"href":"https:\/\/www.mallorcaleads.com\/es\/wp-json\/wp\/v2\/posts"}],"about":[{"href":"https:\/\/www.mallorcaleads.com\/es\/wp-json\/wp\/v2\/types\/post"}],"author":[{"embeddable":true,"href":"https:\/\/www.mallorcaleads.com\/es\/wp-json\/wp\/v2\/users\/5"}],"replies":[{"embeddable":true,"href":"https:\/\/www.mallorcaleads.com\/es\/wp-json\/wp\/v2\/comments?post=36127"}],"version-history":[{"count":10,"href":"https:\/\/www.mallorcaleads.com\/es\/wp-json\/wp\/v2\/posts\/36127\/revisions"}],"predecessor-version":[{"id":36200,"href":"https:\/\/www.mallorcaleads.com\/es\/wp-json\/wp\/v2\/posts\/36127\/revisions\/36200"}],"wp:featuredmedia":[{"embeddable":true,"href":"https:\/\/www.mallorcaleads.com\/es\/wp-json\/wp\/v2\/media\/36244"}],"wp:attachment":[{"href":"https:\/\/www.mallorcaleads.com\/es\/wp-json\/wp\/v2\/media?parent=36127"}],"wp:term":[{"taxonomy":"category","embeddable":true,"href":"https:\/\/www.mallorcaleads.com\/es\/wp-json\/wp\/v2\/categories?post=36127"},{"taxonomy":"post_tag","embeddable":true,"href":"https:\/\/www.mallorcaleads.com\/es\/wp-json\/wp\/v2\/tags?post=36127"}],"curies":[{"name":"wp","href":"https:\/\/api.w.org\/{rel}","templated":true}]}}