{"id":33321,"date":"2025-03-18T09:41:21","date_gmt":"2025-03-18T09:41:21","guid":{"rendered":"https:\/\/www.mallorcaleads.com\/?p=33321"},"modified":"2025-03-19T12:45:47","modified_gmt":"2025-03-19T12:45:47","slug":"lugares-unicos-para-eventos-al-aire-libre-en-mallorca","status":"publish","type":"post","link":"https:\/\/www.mallorcaleads.com\/es\/magazine\/eventos\/lugares-unicos-para-eventos-al-aire-libre-en-mallorca\/","title":{"rendered":"Lugares \u00fanicos para eventos al aire libre en Mallorca"},"content":{"rendered":"\t\t<div data-elementor-type=\"wp-post\" data-elementor-id=\"33321\" class=\"elementor elementor-33321\" data-elementor-post-type=\"post\">\n\t\t\t\t\t\t<section class=\"elementor-section elementor-top-section elementor-element elementor-element-b7dc12d elementor-section-boxed elementor-section-height-default elementor-section-height-default qodef-elementor-content-no\" data-id=\"b7dc12d\" data-element_type=\"section\" data-e-type=\"section\">\n\t\t\t\t\t\t<div class=\"elementor-container elementor-column-gap-default\">\n\t\t\t\t\t<div class=\"elementor-column elementor-col-100 elementor-top-column elementor-element elementor-element-01184dd\" data-id=\"01184dd\" data-element_type=\"column\" data-e-type=\"column\">\n\t\t\t<div class=\"elementor-widget-wrap elementor-element-populated\">\n\t\t\t\t\t\t<div class=\"elementor-element elementor-element-68228ca elementor-widget elementor-widget-text-editor\" data-id=\"68228ca\" data-element_type=\"widget\" data-e-type=\"widget\" data-widget_type=\"text-editor.default\">\n\t\t\t\t<div class=\"elementor-widget-container\">\n\t\t\t\t\t\t\t\t\t<p><span style=\"font-weight: 400;\">Mallorca, la isla mediterr\u00e1nea por excelencia, es conocida por sus paisajes id\u00edlicos, su clima suave y su infraestructura excepcional, lo que la convierte en un destino ideal para la celebraci\u00f3n de<strong> eventos al aire libre<\/strong>. Desde <strong>fincas r\u00fasticas<\/strong> hasta modernas terrazas con <strong>vistas al mar<\/strong>, la isla ofrece una amplia variedad de lugares para eventos en Mallorca que combinan belleza natural, elegancia y exclusividad. En este art\u00edculo, exploraremos algunos de los mejores <strong>venues<\/strong> para <strong>eventos corporativos<\/strong> al aire libre, perfectos tanto para reuniones de empresa como para celebraciones privadas.<\/span><\/p><h2><b>Eventos corporativos al aire libre en Mallorca: un entorno inspirador<\/b><\/h2><p><span style=\"font-weight: 400;\">Es evidente que celebrar eventos corporativos al aire libre en Mallorca es una excelente forma de fomentar la creatividad, la motivaci\u00f3n y la cohesi\u00f3n de equipos. Finca Ratx\u00f3 Hotel Meli\u00e1 Collection es uno de los <strong>lugares para eventos en Mallorca<\/strong> m\u00e1s <strong>exclusivos<\/strong>, rodeado de naturaleza y dise\u00f1ado para ofrecer experiencias \u00fanicas. Este venue cuenta con instalaciones de primer nivel, ideales para reuniones, conferencias y actividades de team building.<\/span><\/p><p><img fetchpriority=\"high\" decoding=\"async\" class=\"alignnone size-medium wp-image-33660\" src=\"https:\/\/www.mallorcaleads.com\/wp-content\/uploads\/2025\/03\/lugares-unicos-para-eventos-al-aire-libre-en-mallorca-finca-ratxo-hotel-melia-collection-300x300.webp\" alt=\"\" width=\"300\" height=\"300\" srcset=\"https:\/\/www.mallorcaleads.com\/wp-content\/uploads\/2025\/03\/lugares-unicos-para-eventos-al-aire-libre-en-mallorca-finca-ratxo-hotel-melia-collection-300x300.webp 300w, https:\/\/www.mallorcaleads.com\/wp-content\/uploads\/2025\/03\/lugares-unicos-para-eventos-al-aire-libre-en-mallorca-finca-ratxo-hotel-melia-collection-150x150.webp 150w, https:\/\/www.mallorcaleads.com\/wp-content\/uploads\/2025\/03\/lugares-unicos-para-eventos-al-aire-libre-en-mallorca-finca-ratxo-hotel-melia-collection.webp 650w\" sizes=\"(max-width: 300px) 100vw, 300px\" \/><\/p><h2><b>Fincas r\u00fasticas para eventos corporativos con encanto en Mallorca<\/b><\/h2><p><span style=\"font-weight: 400;\">Comparado con los espacios urbanos, una <strong>finca en Mallorca<\/strong> ofrece un ambiente aut\u00e9ntico y tradicional. La <a href=\"https:\/\/www.mallorcaleads.com\/proveedores-mice\/finca-son-termes\/\">Finca Son Termes<\/a> y la <a href=\"https:\/\/www.mallorcaleads.com\/proveedores-mice\/possessio-de-shorta\/\">Possessi\u00f3 de S&#8217;Horta<\/a> son claros ejemplos de fincas r\u00fasticas en Mallorca que combinan lujo y tranquilidad. Sea como sea, celebrar<strong> eventos empresariales al aire libre<\/strong> en este tipo de lugares permite disfrutar de un entorno exclusivo con un toque de historia y autenticidad.<\/span><\/p><p><img decoding=\"async\" class=\"alignnone size-medium wp-image-33335\" src=\"https:\/\/www.mallorcaleads.com\/wp-content\/uploads\/2025\/03\/lugares-unicos-para-eventos-al-aire-libre-en-mallorca-finca-son-termes-300x300.jpg\" alt=\"\" width=\"300\" height=\"300\" srcset=\"https:\/\/www.mallorcaleads.com\/wp-content\/uploads\/2025\/03\/lugares-unicos-para-eventos-al-aire-libre-en-mallorca-finca-son-termes-300x300.jpg 300w, https:\/\/www.mallorcaleads.com\/wp-content\/uploads\/2025\/03\/lugares-unicos-para-eventos-al-aire-libre-en-mallorca-finca-son-termes-150x150.jpg 150w, https:\/\/www.mallorcaleads.com\/wp-content\/uploads\/2025\/03\/lugares-unicos-para-eventos-al-aire-libre-en-mallorca-finca-son-termes.jpg 650w\" sizes=\"(max-width: 300px) 100vw, 300px\" \/>\u00a0 <img decoding=\"async\" class=\"alignnone size-medium wp-image-33337\" src=\"https:\/\/www.mallorcaleads.com\/wp-content\/uploads\/2025\/03\/lugares-unicos-para-eventos-al-aire-libre-en-mallorca-possessio-de-shorta-300x300.webp\" alt=\"\" width=\"300\" height=\"300\" srcset=\"https:\/\/www.mallorcaleads.com\/wp-content\/uploads\/2025\/03\/lugares-unicos-para-eventos-al-aire-libre-en-mallorca-possessio-de-shorta-300x300.webp 300w, https:\/\/www.mallorcaleads.com\/wp-content\/uploads\/2025\/03\/lugares-unicos-para-eventos-al-aire-libre-en-mallorca-possessio-de-shorta-150x150.webp 150w, https:\/\/www.mallorcaleads.com\/wp-content\/uploads\/2025\/03\/lugares-unicos-para-eventos-al-aire-libre-en-mallorca-possessio-de-shorta.webp 650w\" sizes=\"(max-width: 300px) 100vw, 300px\" \/><\/p><h2><b>Terrazas con vistas al Mar en Mallorca para eventos de empresa<\/b><\/h2><p><span style=\"font-weight: 400;\">Los eventos empresariales al <strong>aire libre<\/strong> que se celebran en terrazas con vistas al mar ofrecen una experiencia inigualable. <a href=\"https:\/\/www.mallorcaleads.com\/proveedores-mice\/mhares-sea-club\/\">Mhares Sea Club<\/a>, <a href=\"https:\/\/www.mallorcaleads.com\/proveedores-mice\/purobeach-palma\/\">Purobeach Palma<\/a> y <a href=\"https:\/\/www.mallorcaleads.com\/proveedores-mice\/nikki-beach-mallorca\/\">Nikki Beach<\/a> Mallorca son <strong>venues<\/strong> ideales para organizar eventos con un toque sofisticado. Con una <strong>terraza frente al mar<\/strong>, estos espacios permiten disfrutar de impresionantes panor\u00e1micas mientras se llevan a cabo presentaciones, c\u00f3cteles o cenas de empresa.<\/span><\/p><p><img loading=\"lazy\" decoding=\"async\" class=\"alignnone size-medium wp-image-33329\" src=\"https:\/\/www.mallorcaleads.com\/wp-content\/uploads\/2025\/03\/lugares-unicos-para-eventos-al-aire-libre-en-mallorca-mhares-sea-club-300x300.jpg\" alt=\"\" width=\"300\" height=\"300\" srcset=\"https:\/\/www.mallorcaleads.com\/wp-content\/uploads\/2025\/03\/lugares-unicos-para-eventos-al-aire-libre-en-mallorca-mhares-sea-club-300x300.jpg 300w, https:\/\/www.mallorcaleads.com\/wp-content\/uploads\/2025\/03\/lugares-unicos-para-eventos-al-aire-libre-en-mallorca-mhares-sea-club-150x150.jpg 150w, https:\/\/www.mallorcaleads.com\/wp-content\/uploads\/2025\/03\/lugares-unicos-para-eventos-al-aire-libre-en-mallorca-mhares-sea-club.jpg 650w\" sizes=\"(max-width: 300px) 100vw, 300px\" \/>\u00a0 <img loading=\"lazy\" decoding=\"async\" class=\"alignnone size-medium wp-image-33331\" src=\"https:\/\/www.mallorcaleads.com\/wp-content\/uploads\/2025\/03\/lugares-unicos-para-eventos-al-aire-libre-en-mallorca-purobeach-palma-300x300.webp\" alt=\"\" width=\"300\" height=\"300\" srcset=\"https:\/\/www.mallorcaleads.com\/wp-content\/uploads\/2025\/03\/lugares-unicos-para-eventos-al-aire-libre-en-mallorca-purobeach-palma-300x300.webp 300w, https:\/\/www.mallorcaleads.com\/wp-content\/uploads\/2025\/03\/lugares-unicos-para-eventos-al-aire-libre-en-mallorca-purobeach-palma-150x150.webp 150w, https:\/\/www.mallorcaleads.com\/wp-content\/uploads\/2025\/03\/lugares-unicos-para-eventos-al-aire-libre-en-mallorca-purobeach-palma.webp 650w\" sizes=\"(max-width: 300px) 100vw, 300px\" \/><img loading=\"lazy\" decoding=\"async\" class=\"alignnone size-medium wp-image-33333\" src=\"https:\/\/www.mallorcaleads.com\/wp-content\/uploads\/2025\/03\/lugares-unicos-para-eventos-al-aire-libre-en-mallorca-nikki-beach-mallorca-300x300.webp\" alt=\"\" width=\"300\" height=\"300\" srcset=\"https:\/\/www.mallorcaleads.com\/wp-content\/uploads\/2025\/03\/lugares-unicos-para-eventos-al-aire-libre-en-mallorca-nikki-beach-mallorca-300x300.webp 300w, https:\/\/www.mallorcaleads.com\/wp-content\/uploads\/2025\/03\/lugares-unicos-para-eventos-al-aire-libre-en-mallorca-nikki-beach-mallorca-150x150.webp 150w, https:\/\/www.mallorcaleads.com\/wp-content\/uploads\/2025\/03\/lugares-unicos-para-eventos-al-aire-libre-en-mallorca-nikki-beach-mallorca.webp 650w\" sizes=\"(max-width: 300px) 100vw, 300px\" \/><\/p><h2><b>Espacios al aire libre para eventos MICE en Mallorca<\/b><\/h2><p><span style=\"font-weight: 400;\">Cuando se trata de <strong>eventos MICE<\/strong>, Mallorca destaca por su variedad de espacios al aire libre para eventos. <a href=\"https:\/\/www.mallorcaleads.com\/proveedores-mice\/hadleys-club\/\">Hadley\u2019s Club<\/a> es un espacio \u00fanico con una ubicaci\u00f3n privilegiada a pie de playa, frente al mar Mediterr\u00e1neo y aguas cristalinas. Este venue de 3.500m\u00b2 ofrece un entorno impresionante para <strong>eventos empresariales al aire libre<\/strong> y su dise\u00f1o moderno y sus \u00e1reas diferenciadas permiten realizar todo tipo de eventos al aire libre, desde <strong>reuniones corporativas<\/strong> hasta celebraciones de gran envergadura, pasando por lanzamientos de productos o incentivos de empresa.<\/span><\/p><p><img loading=\"lazy\" decoding=\"async\" class=\"alignnone size-medium wp-image-33327\" src=\"https:\/\/www.mallorcaleads.com\/wp-content\/uploads\/2025\/03\/lugares-unicos-para-eventos-al-aire-libre-en-mallorca-hadleys-club-300x300.jpg\" alt=\"\" width=\"300\" height=\"300\" srcset=\"https:\/\/www.mallorcaleads.com\/wp-content\/uploads\/2025\/03\/lugares-unicos-para-eventos-al-aire-libre-en-mallorca-hadleys-club-300x300.jpg 300w, https:\/\/www.mallorcaleads.com\/wp-content\/uploads\/2025\/03\/lugares-unicos-para-eventos-al-aire-libre-en-mallorca-hadleys-club-150x150.jpg 150w, https:\/\/www.mallorcaleads.com\/wp-content\/uploads\/2025\/03\/lugares-unicos-para-eventos-al-aire-libre-en-mallorca-hadleys-club.jpg 650w\" sizes=\"(max-width: 300px) 100vw, 300px\" \/><\/p><h2><b>Organizaci\u00f3n de eventos corporativos en Mallorca: claves del \u00e9xito<\/b><\/h2><p><span style=\"font-weight: 400;\">En definitiva, al elegir un <strong>lugar para eventos al aire libre en Mallorca<\/strong>, es fundamental tener en cuenta aspectos como la ubicaci\u00f3n, el entorno y los servicios ofrecidos. Es cierto que un buen ambiente natural puede inspirar creatividad y promover una atm\u00f3sfera relajada y productiva, crucial para la organizaci\u00f3n de <strong>eventos empresariales al aire libre<\/strong>. Adem\u00e1s, contar con el apoyo de empresas de <strong>eventos locales<\/strong> garantiza que cada detalle est\u00e9 cuidadosamente dise\u00f1ado para ofrecer una experiencia \u00fanica y memorable.<\/span><\/p><p><span style=\"font-weight: 400;\">A la hora de organizar <strong>eventos en Mallorca<\/strong>, es fundamental que el lugar para eventos al aire libre se ajuste a las necesidades espec\u00edficas de la empresa y al tipo de evento que se quiere realizar. Por eso, tanto si buscas un espacio de lujo <strong>frente al mar<\/strong> como si prefieres un entorno m\u00e1s tradicional en una<strong> finca mallorquina<\/strong>, Mallorca tiene opciones para todo tipo de eventos y ocasiones.<\/span><\/p><p><span style=\"font-weight: 400;\">En conclusi\u00f3n, las <strong>terrazas con vistas al mar y las fincas r\u00fasticas<\/strong> son solo algunos de los lugares que convierten a Mallorca en el destino perfecto para <strong>eventos corporativos<\/strong> al aire libre.<\/span><\/p>\t\t\t\t\t\t\t\t<\/div>\n\t\t\t\t<\/div>\n\t\t\t\t\t<\/div>\n\t\t<\/div>\n\t\t\t\t\t<\/div>\n\t\t<\/section>\n\t\t\t\t<\/div>\n\t\t","protected":false},"excerpt":{"rendered":"<p>Mallorca, la isla mediterr\u00e1nea por excelencia, es conocida por sus paisajes id\u00edlicos, su clima suave y su infraestructura excepcional, lo que la convierte en un destino ideal para la celebraci\u00f3n [&hellip;]<\/p>\n","protected":false},"author":5,"featured_media":33324,"comment_status":"closed","ping_status":"closed","sticky":false,"template":"","format":"standard","meta":{"_acf_changed":false,"inline_featured_image":false,"footnotes":""},"categories":[13,83,107],"tags":[],"class_list":["post-33321","post","type-post","status-publish","format-standard","has-post-thumbnail","hentry","category-eventos","category-mallorca","category-tendencias"],"acf":[],"yoast_head":"<!-- This site is optimized with the Yoast SEO plugin v27.2 - https:\/\/yoast.com\/product\/yoast-seo-wordpress\/ -->\n<title>Lugares \u00fanicos para eventos al aire libre en Mallorca - MallorcaLeads<\/title>\n<meta name=\"description\" content=\"Descubre los mejores lugares para eventos al aire libre en Mallorca, desde fincas r\u00fasticas hasta terrazas con vistas al mar, ideales para eventos corporativos y MICE.\" \/>\n<meta name=\"robots\" content=\"index, follow, max-snippet:-1, max-image-preview:large, max-video-preview:-1\" \/>\n<link rel=\"canonical\" href=\"https:\/\/www.mallorcaleads.com\/es\/magazine\/eventos\/lugares-unicos-para-eventos-al-aire-libre-en-mallorca\/\" \/>\n<meta property=\"og:locale\" content=\"es_ES\" \/>\n<meta property=\"og:type\" content=\"article\" \/>\n<meta property=\"og:title\" content=\"Lugares \u00fanicos para eventos al aire libre en Mallorca - MallorcaLeads\" \/>\n<meta property=\"og:description\" content=\"Descubre los mejores lugares para eventos al aire libre en Mallorca, desde fincas r\u00fasticas hasta terrazas con vistas al mar, ideales para eventos corporativos y MICE.\" \/>\n<meta property=\"og:url\" content=\"https:\/\/www.mallorcaleads.com\/es\/magazine\/eventos\/lugares-unicos-para-eventos-al-aire-libre-en-mallorca\/\" \/>\n<meta property=\"og:site_name\" content=\"MallorcaLeads\" \/>\n<meta property=\"article:publisher\" content=\"https:\/\/www.facebook.com\/mallorcaleads\/\" \/>\n<meta property=\"article:published_time\" content=\"2025-03-18T09:41:21+00:00\" \/>\n<meta property=\"article:modified_time\" content=\"2025-03-19T12:45:47+00:00\" \/>\n<meta property=\"og:image\" content=\"https:\/\/www.mallorcaleads.com\/wp-content\/uploads\/2025\/03\/lugares-unicos-para-eventos-al-aire-libre-en-mallorca.jpg\" \/>\n\t<meta property=\"og:image:width\" content=\"650\" \/>\n\t<meta property=\"og:image:height\" content=\"650\" \/>\n\t<meta property=\"og:image:type\" content=\"image\/jpeg\" \/>\n<meta name=\"author\" content=\"rosunamleads\" \/>\n<meta name=\"twitter:card\" content=\"summary_large_image\" \/>\n<meta name=\"twitter:label1\" content=\"Escrito por\" \/>\n\t<meta name=\"twitter:data1\" content=\"rosunamleads\" \/>\n\t<meta name=\"twitter:label2\" content=\"Tiempo de lectura\" \/>\n\t<meta name=\"twitter:data2\" content=\"3 minutos\" \/>\n<script type=\"application\/ld+json\" class=\"yoast-schema-graph\">{\"@context\":\"https:\/\/schema.org\",\"@graph\":[{\"@type\":\"Article\",\"@id\":\"https:\/\/www.mallorcaleads.com\/es\/magazine\/eventos\/lugares-unicos-para-eventos-al-aire-libre-en-mallorca\/#article\",\"isPartOf\":{\"@id\":\"https:\/\/www.mallorcaleads.com\/es\/magazine\/eventos\/lugares-unicos-para-eventos-al-aire-libre-en-mallorca\/\"},\"author\":{\"name\":\"rosunamleads\",\"@id\":\"https:\/\/www.mallorcaleads.com\/es\/#\/schema\/person\/506e19bbccf358e672526d089c3827be\"},\"headline\":\"Lugares \u00fanicos para eventos al aire libre en Mallorca\",\"datePublished\":\"2025-03-18T09:41:21+00:00\",\"dateModified\":\"2025-03-19T12:45:47+00:00\",\"mainEntityOfPage\":{\"@id\":\"https:\/\/www.mallorcaleads.com\/es\/magazine\/eventos\/lugares-unicos-para-eventos-al-aire-libre-en-mallorca\/\"},\"wordCount\":636,\"publisher\":{\"@id\":\"https:\/\/www.mallorcaleads.com\/es\/#organization\"},\"image\":{\"@id\":\"https:\/\/www.mallorcaleads.com\/es\/magazine\/eventos\/lugares-unicos-para-eventos-al-aire-libre-en-mallorca\/#primaryimage\"},\"thumbnailUrl\":\"https:\/\/www.mallorcaleads.com\/wp-content\/uploads\/2025\/03\/lugares-unicos-para-eventos-al-aire-libre-en-mallorca.jpg\",\"articleSection\":[\"Eventos\",\"Mallorca\",\"Tendencias\"],\"inLanguage\":\"es\"},{\"@type\":\"WebPage\",\"@id\":\"https:\/\/www.mallorcaleads.com\/es\/magazine\/eventos\/lugares-unicos-para-eventos-al-aire-libre-en-mallorca\/\",\"url\":\"https:\/\/www.mallorcaleads.com\/es\/magazine\/eventos\/lugares-unicos-para-eventos-al-aire-libre-en-mallorca\/\",\"name\":\"Lugares \u00fanicos para eventos al aire libre en Mallorca - MallorcaLeads\",\"isPartOf\":{\"@id\":\"https:\/\/www.mallorcaleads.com\/es\/#website\"},\"primaryImageOfPage\":{\"@id\":\"https:\/\/www.mallorcaleads.com\/es\/magazine\/eventos\/lugares-unicos-para-eventos-al-aire-libre-en-mallorca\/#primaryimage\"},\"image\":{\"@id\":\"https:\/\/www.mallorcaleads.com\/es\/magazine\/eventos\/lugares-unicos-para-eventos-al-aire-libre-en-mallorca\/#primaryimage\"},\"thumbnailUrl\":\"https:\/\/www.mallorcaleads.com\/wp-content\/uploads\/2025\/03\/lugares-unicos-para-eventos-al-aire-libre-en-mallorca.jpg\",\"datePublished\":\"2025-03-18T09:41:21+00:00\",\"dateModified\":\"2025-03-19T12:45:47+00:00\",\"description\":\"Descubre los mejores lugares para eventos al aire libre en Mallorca, desde fincas r\u00fasticas hasta terrazas con vistas al mar, ideales para eventos corporativos y MICE.\",\"breadcrumb\":{\"@id\":\"https:\/\/www.mallorcaleads.com\/es\/magazine\/eventos\/lugares-unicos-para-eventos-al-aire-libre-en-mallorca\/#breadcrumb\"},\"inLanguage\":\"es\",\"potentialAction\":[{\"@type\":\"ReadAction\",\"target\":[\"https:\/\/www.mallorcaleads.com\/es\/magazine\/eventos\/lugares-unicos-para-eventos-al-aire-libre-en-mallorca\/\"]}]},{\"@type\":\"ImageObject\",\"inLanguage\":\"es\",\"@id\":\"https:\/\/www.mallorcaleads.com\/es\/magazine\/eventos\/lugares-unicos-para-eventos-al-aire-libre-en-mallorca\/#primaryimage\",\"url\":\"https:\/\/www.mallorcaleads.com\/wp-content\/uploads\/2025\/03\/lugares-unicos-para-eventos-al-aire-libre-en-mallorca.jpg\",\"contentUrl\":\"https:\/\/www.mallorcaleads.com\/wp-content\/uploads\/2025\/03\/lugares-unicos-para-eventos-al-aire-libre-en-mallorca.jpg\",\"width\":650,\"height\":650},{\"@type\":\"BreadcrumbList\",\"@id\":\"https:\/\/www.mallorcaleads.com\/es\/magazine\/eventos\/lugares-unicos-para-eventos-al-aire-libre-en-mallorca\/#breadcrumb\",\"itemListElement\":[{\"@type\":\"ListItem\",\"position\":1,\"name\":\"Portada\",\"item\":\"https:\/\/www.mallorcaleads.com\/es\/\"},{\"@type\":\"ListItem\",\"position\":2,\"name\":\"Lugares \u00fanicos para eventos al aire libre en Mallorca\"}]},{\"@type\":\"WebSite\",\"@id\":\"https:\/\/www.mallorcaleads.com\/es\/#website\",\"url\":\"https:\/\/www.mallorcaleads.com\/es\/\",\"name\":\"MallorcaLeads\",\"description\":\"Organizaci\u00f3n de eventos en Mallorca. Consultor\u00eda gratuita.\",\"publisher\":{\"@id\":\"https:\/\/www.mallorcaleads.com\/es\/#organization\"},\"potentialAction\":[{\"@type\":\"SearchAction\",\"target\":{\"@type\":\"EntryPoint\",\"urlTemplate\":\"https:\/\/www.mallorcaleads.com\/es\/?s={search_term_string}\"},\"query-input\":{\"@type\":\"PropertyValueSpecification\",\"valueRequired\":true,\"valueName\":\"search_term_string\"}}],\"inLanguage\":\"es\"},{\"@type\":\"Organization\",\"@id\":\"https:\/\/www.mallorcaleads.com\/es\/#organization\",\"name\":\"Mallorcaleads\",\"url\":\"https:\/\/www.mallorcaleads.com\/es\/\",\"logo\":{\"@type\":\"ImageObject\",\"inLanguage\":\"es\",\"@id\":\"https:\/\/www.mallorcaleads.com\/es\/#\/schema\/logo\/image\/\",\"url\":\"https:\/\/www.mallorcaleads.com\/wp-content\/uploads\/2023\/12\/mallorcaleads-logo-negro.svg\",\"contentUrl\":\"https:\/\/www.mallorcaleads.com\/wp-content\/uploads\/2023\/12\/mallorcaleads-logo-negro.svg\",\"width\":\"1024\",\"height\":\"1024\",\"caption\":\"Mallorcaleads\"},\"image\":{\"@id\":\"https:\/\/www.mallorcaleads.com\/es\/#\/schema\/logo\/image\/\"},\"sameAs\":[\"https:\/\/www.facebook.com\/mallorcaleads\/\",\"https:\/\/www.instagram.com\/mallorcaleads\/\",\"https:\/\/es.linkedin.com\/company\/mallorcaleads\",\"https:\/\/www.youtube.com\/channel\/UCHsLT6PzPAiCSK8vEsAYoMg\/videos?sort=dd&shelf_id=0\"]},{\"@type\":\"Person\",\"@id\":\"https:\/\/www.mallorcaleads.com\/es\/#\/schema\/person\/506e19bbccf358e672526d089c3827be\",\"name\":\"rosunamleads\"}]}<\/script>\n<!-- \/ Yoast SEO plugin. -->","yoast_head_json":{"title":"Lugares \u00fanicos para eventos al aire libre en Mallorca - MallorcaLeads","description":"Descubre los mejores lugares para eventos al aire libre en Mallorca, desde fincas r\u00fasticas hasta terrazas con vistas al mar, ideales para eventos corporativos y MICE.","robots":{"index":"index","follow":"follow","max-snippet":"max-snippet:-1","max-image-preview":"max-image-preview:large","max-video-preview":"max-video-preview:-1"},"canonical":"https:\/\/www.mallorcaleads.com\/es\/magazine\/eventos\/lugares-unicos-para-eventos-al-aire-libre-en-mallorca\/","og_locale":"es_ES","og_type":"article","og_title":"Lugares \u00fanicos para eventos al aire libre en Mallorca - MallorcaLeads","og_description":"Descubre los mejores lugares para eventos al aire libre en Mallorca, desde fincas r\u00fasticas hasta terrazas con vistas al mar, ideales para eventos corporativos y MICE.","og_url":"https:\/\/www.mallorcaleads.com\/es\/magazine\/eventos\/lugares-unicos-para-eventos-al-aire-libre-en-mallorca\/","og_site_name":"MallorcaLeads","article_publisher":"https:\/\/www.facebook.com\/mallorcaleads\/","article_published_time":"2025-03-18T09:41:21+00:00","article_modified_time":"2025-03-19T12:45:47+00:00","og_image":[{"width":650,"height":650,"url":"https:\/\/www.mallorcaleads.com\/wp-content\/uploads\/2025\/03\/lugares-unicos-para-eventos-al-aire-libre-en-mallorca.jpg","type":"image\/jpeg"}],"author":"rosunamleads","twitter_card":"summary_large_image","twitter_misc":{"Escrito por":"rosunamleads","Tiempo de lectura":"3 minutos"},"schema":{"@context":"https:\/\/schema.org","@graph":[{"@type":"Article","@id":"https:\/\/www.mallorcaleads.com\/es\/magazine\/eventos\/lugares-unicos-para-eventos-al-aire-libre-en-mallorca\/#article","isPartOf":{"@id":"https:\/\/www.mallorcaleads.com\/es\/magazine\/eventos\/lugares-unicos-para-eventos-al-aire-libre-en-mallorca\/"},"author":{"name":"rosunamleads","@id":"https:\/\/www.mallorcaleads.com\/es\/#\/schema\/person\/506e19bbccf358e672526d089c3827be"},"headline":"Lugares \u00fanicos para eventos al aire libre en Mallorca","datePublished":"2025-03-18T09:41:21+00:00","dateModified":"2025-03-19T12:45:47+00:00","mainEntityOfPage":{"@id":"https:\/\/www.mallorcaleads.com\/es\/magazine\/eventos\/lugares-unicos-para-eventos-al-aire-libre-en-mallorca\/"},"wordCount":636,"publisher":{"@id":"https:\/\/www.mallorcaleads.com\/es\/#organization"},"image":{"@id":"https:\/\/www.mallorcaleads.com\/es\/magazine\/eventos\/lugares-unicos-para-eventos-al-aire-libre-en-mallorca\/#primaryimage"},"thumbnailUrl":"https:\/\/www.mallorcaleads.com\/wp-content\/uploads\/2025\/03\/lugares-unicos-para-eventos-al-aire-libre-en-mallorca.jpg","articleSection":["Eventos","Mallorca","Tendencias"],"inLanguage":"es"},{"@type":"WebPage","@id":"https:\/\/www.mallorcaleads.com\/es\/magazine\/eventos\/lugares-unicos-para-eventos-al-aire-libre-en-mallorca\/","url":"https:\/\/www.mallorcaleads.com\/es\/magazine\/eventos\/lugares-unicos-para-eventos-al-aire-libre-en-mallorca\/","name":"Lugares \u00fanicos para eventos al aire libre en Mallorca - MallorcaLeads","isPartOf":{"@id":"https:\/\/www.mallorcaleads.com\/es\/#website"},"primaryImageOfPage":{"@id":"https:\/\/www.mallorcaleads.com\/es\/magazine\/eventos\/lugares-unicos-para-eventos-al-aire-libre-en-mallorca\/#primaryimage"},"image":{"@id":"https:\/\/www.mallorcaleads.com\/es\/magazine\/eventos\/lugares-unicos-para-eventos-al-aire-libre-en-mallorca\/#primaryimage"},"thumbnailUrl":"https:\/\/www.mallorcaleads.com\/wp-content\/uploads\/2025\/03\/lugares-unicos-para-eventos-al-aire-libre-en-mallorca.jpg","datePublished":"2025-03-18T09:41:21+00:00","dateModified":"2025-03-19T12:45:47+00:00","description":"Descubre los mejores lugares para eventos al aire libre en Mallorca, desde fincas r\u00fasticas hasta terrazas con vistas al mar, ideales para eventos corporativos y MICE.","breadcrumb":{"@id":"https:\/\/www.mallorcaleads.com\/es\/magazine\/eventos\/lugares-unicos-para-eventos-al-aire-libre-en-mallorca\/#breadcrumb"},"inLanguage":"es","potentialAction":[{"@type":"ReadAction","target":["https:\/\/www.mallorcaleads.com\/es\/magazine\/eventos\/lugares-unicos-para-eventos-al-aire-libre-en-mallorca\/"]}]},{"@type":"ImageObject","inLanguage":"es","@id":"https:\/\/www.mallorcaleads.com\/es\/magazine\/eventos\/lugares-unicos-para-eventos-al-aire-libre-en-mallorca\/#primaryimage","url":"https:\/\/www.mallorcaleads.com\/wp-content\/uploads\/2025\/03\/lugares-unicos-para-eventos-al-aire-libre-en-mallorca.jpg","contentUrl":"https:\/\/www.mallorcaleads.com\/wp-content\/uploads\/2025\/03\/lugares-unicos-para-eventos-al-aire-libre-en-mallorca.jpg","width":650,"height":650},{"@type":"BreadcrumbList","@id":"https:\/\/www.mallorcaleads.com\/es\/magazine\/eventos\/lugares-unicos-para-eventos-al-aire-libre-en-mallorca\/#breadcrumb","itemListElement":[{"@type":"ListItem","position":1,"name":"Portada","item":"https:\/\/www.mallorcaleads.com\/es\/"},{"@type":"ListItem","position":2,"name":"Lugares \u00fanicos para eventos al aire libre en Mallorca"}]},{"@type":"WebSite","@id":"https:\/\/www.mallorcaleads.com\/es\/#website","url":"https:\/\/www.mallorcaleads.com\/es\/","name":"MallorcaLeads","description":"Organizaci\u00f3n de eventos en Mallorca. Consultor\u00eda gratuita.","publisher":{"@id":"https:\/\/www.mallorcaleads.com\/es\/#organization"},"potentialAction":[{"@type":"SearchAction","target":{"@type":"EntryPoint","urlTemplate":"https:\/\/www.mallorcaleads.com\/es\/?s={search_term_string}"},"query-input":{"@type":"PropertyValueSpecification","valueRequired":true,"valueName":"search_term_string"}}],"inLanguage":"es"},{"@type":"Organization","@id":"https:\/\/www.mallorcaleads.com\/es\/#organization","name":"Mallorcaleads","url":"https:\/\/www.mallorcaleads.com\/es\/","logo":{"@type":"ImageObject","inLanguage":"es","@id":"https:\/\/www.mallorcaleads.com\/es\/#\/schema\/logo\/image\/","url":"https:\/\/www.mallorcaleads.com\/wp-content\/uploads\/2023\/12\/mallorcaleads-logo-negro.svg","contentUrl":"https:\/\/www.mallorcaleads.com\/wp-content\/uploads\/2023\/12\/mallorcaleads-logo-negro.svg","width":"1024","height":"1024","caption":"Mallorcaleads"},"image":{"@id":"https:\/\/www.mallorcaleads.com\/es\/#\/schema\/logo\/image\/"},"sameAs":["https:\/\/www.facebook.com\/mallorcaleads\/","https:\/\/www.instagram.com\/mallorcaleads\/","https:\/\/es.linkedin.com\/company\/mallorcaleads","https:\/\/www.youtube.com\/channel\/UCHsLT6PzPAiCSK8vEsAYoMg\/videos?sort=dd&shelf_id=0"]},{"@type":"Person","@id":"https:\/\/www.mallorcaleads.com\/es\/#\/schema\/person\/506e19bbccf358e672526d089c3827be","name":"rosunamleads"}]}},"_links":{"self":[{"href":"https:\/\/www.mallorcaleads.com\/es\/wp-json\/wp\/v2\/posts\/33321","targetHints":{"allow":["GET"]}}],"collection":[{"href":"https:\/\/www.mallorcaleads.com\/es\/wp-json\/wp\/v2\/posts"}],"about":[{"href":"https:\/\/www.mallorcaleads.com\/es\/wp-json\/wp\/v2\/types\/post"}],"author":[{"embeddable":true,"href":"https:\/\/www.mallorcaleads.com\/es\/wp-json\/wp\/v2\/users\/5"}],"replies":[{"embeddable":true,"href":"https:\/\/www.mallorcaleads.com\/es\/wp-json\/wp\/v2\/comments?post=33321"}],"version-history":[{"count":8,"href":"https:\/\/www.mallorcaleads.com\/es\/wp-json\/wp\/v2\/posts\/33321\/revisions"}],"predecessor-version":[{"id":33664,"href":"https:\/\/www.mallorcaleads.com\/es\/wp-json\/wp\/v2\/posts\/33321\/revisions\/33664"}],"wp:featuredmedia":[{"embeddable":true,"href":"https:\/\/www.mallorcaleads.com\/es\/wp-json\/wp\/v2\/media\/33324"}],"wp:attachment":[{"href":"https:\/\/www.mallorcaleads.com\/es\/wp-json\/wp\/v2\/media?parent=33321"}],"wp:term":[{"taxonomy":"category","embeddable":true,"href":"https:\/\/www.mallorcaleads.com\/es\/wp-json\/wp\/v2\/categories?post=33321"},{"taxonomy":"post_tag","embeddable":true,"href":"https:\/\/www.mallorcaleads.com\/es\/wp-json\/wp\/v2\/tags?post=33321"}],"curies":[{"name":"wp","href":"https:\/\/api.w.org\/{rel}","templated":true}]}}