{"id":32285,"date":"2024-10-09T09:51:08","date_gmt":"2024-10-09T09:51:08","guid":{"rendered":"https:\/\/www.mallorcaleads.com\/?p=32285"},"modified":"2024-10-09T09:51:08","modified_gmt":"2024-10-09T09:51:08","slug":"mallorca-el-destino-perfecto-para-tus-eventos-mice","status":"publish","type":"post","link":"https:\/\/www.mallorcaleads.com\/es\/magazine\/mallorca\/mallorca-el-destino-perfecto-para-tus-eventos-mice\/","title":{"rendered":"Mallorca: El destino perfecto para tus eventos MICE"},"content":{"rendered":"\t\t<div data-elementor-type=\"wp-post\" data-elementor-id=\"32285\" class=\"elementor elementor-32285\" data-elementor-post-type=\"post\">\n\t\t\t\t\t\t<section class=\"elementor-section elementor-top-section elementor-element elementor-element-d586811 elementor-section-boxed elementor-section-height-default elementor-section-height-default qodef-elementor-content-no\" data-id=\"d586811\" data-element_type=\"section\" data-e-type=\"section\">\n\t\t\t\t\t\t<div class=\"elementor-container elementor-column-gap-default\">\n\t\t\t\t\t<div class=\"elementor-column elementor-col-100 elementor-top-column elementor-element elementor-element-586a758\" data-id=\"586a758\" data-element_type=\"column\" data-e-type=\"column\">\n\t\t\t<div class=\"elementor-widget-wrap elementor-element-populated\">\n\t\t\t\t\t\t<div class=\"elementor-element elementor-element-2788946 elementor-widget elementor-widget-text-editor\" data-id=\"2788946\" data-element_type=\"widget\" data-e-type=\"widget\" data-widget_type=\"text-editor.default\">\n\t\t\t\t<div class=\"elementor-widget-container\">\n\t\t\t\t\t\t\t\t\t<p style=\"text-align: left;\"><span style=\"color: var( --e-global-color-text ); font-family: var( --e-global-typography-text-font-family ), Sans-serif;\">Mallorca, la perla del Mediterr\u00e1neo, se erige como el destino perfecto para la <\/span><a href=\"https:\/\/www.mallorcaleads.com\/consultoria-mice\/\"><b style=\"color: var( --e-global-color-text ); font-family: var( --e-global-typography-text-font-family ), Sans-serif;\">organizaci\u00f3n de eventos MICE<\/b><\/a><span style=\"color: var( --e-global-color-text ); font-family: var( --e-global-typography-text-font-family ), Sans-serif;\"> (Meetings, Incentives, Conferences, and Exhibitions) en el \u00e1mbito empresarial. Esta joya balear destaca por su combinaci\u00f3n \u00fanica de belleza natural, infraestructura de primer nivel y versatilidad que hacen de esta isla balear el escenario perfecto para celebrar <\/span><b style=\"color: var( --e-global-color-text ); font-family: var( --e-global-typography-text-font-family ), Sans-serif;\"><i>eventos empresariales y corporativos<\/i><\/b><span style=\"color: var( --e-global-color-text ); font-family: var( --e-global-typography-text-font-family ), Sans-serif;\">. Desde sus playas de aguas cristalinas hasta sus paisajes monta\u00f1osos, Mallorca ofrece un entorno encantador que cautiva a empresarios y participantes por igual.<\/span><\/p><p style=\"text-align: left;\"><b>Mallorca, un destino MICE por excelencia<\/b><\/p><p style=\"text-align: left;\"><span style=\"font-weight: 400;\">El encanto de Mallorca no se limita solo a su atractivo paisaj\u00edstico; la isla se <a href=\"https:\/\/www.mallorcaleads.com\/mallorca-destino-mice\/\">destaca como un destino MICE<\/a> por excelencia. <\/span><span style=\"font-weight: 400;\"><br \/><\/span><b>Calvi\u00e0<\/b><span style=\"font-weight: 400;\">, municipio ubicado en la costa suroeste, emerge como un enclave estrat\u00e9gico para la realizaci\u00f3n de eventos corporativos. <\/span><span style=\"font-weight: 400;\"><br \/><\/span><span style=\"font-weight: 400;\">El <\/span><a href=\"https:\/\/www.mallorcaleads.com\/proveedores-mice\/ajuntament-de-calvia\/\"><b>Ayuntamiento de Calvi\u00e0<\/b><\/a><span style=\"font-weight: 400;\">, con las modernas instalaciones de sus venues, se presenta como un aliado perfecto para empresas que buscan un lugar id\u00f3neo para conferencias, reuniones y actividades empresariales de alto nivel.\u00a0<\/span><\/p><p><img fetchpriority=\"high\" decoding=\"async\" class=\"alignnone size-medium wp-image-32295\" src=\"https:\/\/www.mallorcaleads.com\/wp-content\/uploads\/2024\/10\/mallorca-destino-perfecto-eventos-MICE-Calvia-300x300.jpg\" alt=\"\" width=\"300\" height=\"300\" srcset=\"https:\/\/www.mallorcaleads.com\/wp-content\/uploads\/2024\/10\/mallorca-destino-perfecto-eventos-MICE-Calvia-300x300.jpg 300w, https:\/\/www.mallorcaleads.com\/wp-content\/uploads\/2024\/10\/mallorca-destino-perfecto-eventos-MICE-Calvia-150x150.jpg 150w, https:\/\/www.mallorcaleads.com\/wp-content\/uploads\/2024\/10\/mallorca-destino-perfecto-eventos-MICE-Calvia.jpg 650w\" sizes=\"(max-width: 300px) 100vw, 300px\" \/><\/p><p style=\"text-align: left;\"><b>Explorando la isla &#8211; Diversidad y encanto<\/b><\/p><p style=\"text-align: left;\"><span style=\"font-weight: 400;\">Mallorca ofrece mucho m\u00e1s all\u00e1 de la vibrante vida urbana de Palma. La isla deslumbra con su diversidad de paisajes, <\/span><i><span style=\"font-weight: 400;\">desde playas paradis\u00edacas hasta monta\u00f1as pintorescas<\/span><\/i><span style=\"font-weight: 400;\">. Esto brinda a las empresas la oportunidad de organizar eventos en entornos \u00fanicos que a\u00f1aden un toque especial a sus reuniones y conferencias.<\/span><\/p><p style=\"text-align: left;\"><span style=\"font-weight: 400;\">El <\/span><a href=\"https:\/\/www.mallorcaleads.com\/proveedores-mice\/blau-punta-reina\/\"><b><i>Hotel Blau Punta Rein<\/i><\/b><b>a<\/b><\/a><span style=\"font-weight: 400;\">, ubicado en un enclave privilegiado entre el azul del Mediterr\u00e1neo y la serenidad de la costa, entre las calas de Cala Mandia y Cala Estany d\u2019en Mas, se presenta como una <\/span><b>opci\u00f3n exclusiva para eventos corporativos<\/b><span style=\"font-weight: 400;\">. Sus modernas instalaciones y servicios personalizados crean el ambiente perfecto para reuniones de alto nivel y eventos empresariales de prestigio pudiendo disponer de tres salas con capacidad de hasta 120 personas.<br \/><\/span><\/p><p><img decoding=\"async\" class=\"alignnone size-medium wp-image-32297\" src=\"https:\/\/www.mallorcaleads.com\/wp-content\/uploads\/2024\/10\/Blau-Punta-Reina-facilities-outside-31-3-300x169.jpg\" alt=\"\" width=\"300\" height=\"169\" srcset=\"https:\/\/www.mallorcaleads.com\/wp-content\/uploads\/2024\/10\/Blau-Punta-Reina-facilities-outside-31-3-300x169.jpg 300w, https:\/\/www.mallorcaleads.com\/wp-content\/uploads\/2024\/10\/Blau-Punta-Reina-facilities-outside-31-3-768x432.jpg 768w, https:\/\/www.mallorcaleads.com\/wp-content\/uploads\/2024\/10\/Blau-Punta-Reina-facilities-outside-31-3.jpg 1000w\" sizes=\"(max-width: 300px) 100vw, 300px\" \/><\/p><p style=\"text-align: left;\"><b>Lugares inigualables para eventos memorables<\/b><\/p><p style=\"text-align: left;\"><a href=\"https:\/\/www.mallorcaleads.com\/proveedores-mice\/finca-son-termes\/\"><b>Son Termes<\/b><\/a><span style=\"font-weight: 400;\">, una finca del siglo XIII en la Serra de Tramuntana, es el escenario perfecto para eventos memorables desde 1966. Su equipo de event designers cuida cada detalle, mientras su cocina fusiona innovaci\u00f3n y tradici\u00f3n mallorquina. Con capacidad para bodas, congresos o teambuilding, cada evento en Son Termes se convierte en una experiencia inolvidable.<\/span><\/p><p><img decoding=\"async\" class=\"alignnone size-medium wp-image-32291\" src=\"https:\/\/www.mallorcaleads.com\/wp-content\/uploads\/2024\/10\/Mallorca-destino-perfecto-eventos-MICE-son-termes-300x300.jpg\" alt=\"\" width=\"300\" height=\"300\" srcset=\"https:\/\/www.mallorcaleads.com\/wp-content\/uploads\/2024\/10\/Mallorca-destino-perfecto-eventos-MICE-son-termes-300x300.jpg 300w, https:\/\/www.mallorcaleads.com\/wp-content\/uploads\/2024\/10\/Mallorca-destino-perfecto-eventos-MICE-son-termes-150x150.jpg 150w, https:\/\/www.mallorcaleads.com\/wp-content\/uploads\/2024\/10\/Mallorca-destino-perfecto-eventos-MICE-son-termes.jpg 650w\" sizes=\"(max-width: 300px) 100vw, 300px\" \/><\/p><p style=\"text-align: left;\"><span style=\"font-weight: 400;\">La <\/span><a href=\"https:\/\/www.mallorcaleads.com\/proveedores-mice\/possessio-de-shorta\/\"><b>Possessi\u00f3 de S&#8217;Horta<\/b><\/a><span style=\"font-weight: 400;\">, con su arquitectura tradicional mallorquina y sus amplios espacios, se presenta como una opci\u00f3n ideal para eventos empresariales que buscan un ambiente relajado pero profesional y actividades de team building.<\/span><\/p><p style=\"text-align: left;\"><span style=\"font-weight: 400;\">En el sureste de Mallorca, con vistas al mar, y rodeada de olivos y naranjos, esta magn\u00edfica finca hist\u00f3rica catalogada se contrata exclusivamente para grupos, <\/span><span style=\"font-weight: 400;\">con una capacidad de hasta 40 personas en 20 habitaciones dobles.<\/span><span style=\"font-weight: 400;\">.<\/span><\/p><p><img loading=\"lazy\" decoding=\"async\" class=\"alignnone size-medium wp-image-32299\" src=\"https:\/\/www.mallorcaleads.com\/wp-content\/uploads\/2024\/10\/mallorca-destino-perfecto-eventos-MICE-Possessio-de-shorta-1-300x212.png\" alt=\"\" width=\"300\" height=\"212\" srcset=\"https:\/\/www.mallorcaleads.com\/wp-content\/uploads\/2024\/10\/mallorca-destino-perfecto-eventos-MICE-Possessio-de-shorta-1-300x212.png 300w, https:\/\/www.mallorcaleads.com\/wp-content\/uploads\/2024\/10\/mallorca-destino-perfecto-eventos-MICE-Possessio-de-shorta-1.png 746w\" sizes=\"(max-width: 300px) 100vw, 300px\" \/><\/p><p style=\"text-align: left;\"><b><a href=\"https:\/\/www.mallorcaleads.com\/proveedores-mice\/house-of-son-amar\/\">Son Amar<\/a>: Experiencias \u00fanicas en Mallorca<\/b><\/p><p style=\"text-align: left;\"><b>Son Amar<\/b><span style=\"font-weight: 400;\">, con m\u00e1s de 50 a\u00f1os de experiencia, es el lugar ideal para <\/span><i><span style=\"font-weight: 400;\">eventos memorables en Mallorca<\/span><\/i><span style=\"font-weight: 400;\">. Situada en la majestuosa Serra de Tramuntana, esta finca del siglo XVI cuenta con espectaculares espacios como el <\/span><i><span style=\"font-weight: 400;\">Jard\u00edn Blanco y el Patio Mallorqu\u00edn,<\/span><\/i><span style=\"font-weight: 400;\"> perfectos para bodas y recepciones. Su impresionante auditorio, con capacidad para 2.000 personas, dispone de la tecnolog\u00eda m\u00e1s avanzada en sonido e iluminaci\u00f3n, ideal para conferencias y cenas de gala. Cada rinc\u00f3n de <\/span><b>Son Amar<\/b><span style=\"font-weight: 400;\"> est\u00e1 dise\u00f1ado para crear experiencias inolvidables en un entorno \u00fanico.<\/span><\/p><p><img loading=\"lazy\" decoding=\"async\" class=\"alignnone size-medium wp-image-32289\" src=\"https:\/\/www.mallorcaleads.com\/wp-content\/uploads\/2024\/10\/Mallorca-destino-perfecto-eventos-MICE-son-amar-300x300.jpg\" alt=\"\" width=\"300\" height=\"300\" srcset=\"https:\/\/www.mallorcaleads.com\/wp-content\/uploads\/2024\/10\/Mallorca-destino-perfecto-eventos-MICE-son-amar-300x300.jpg 300w, https:\/\/www.mallorcaleads.com\/wp-content\/uploads\/2024\/10\/Mallorca-destino-perfecto-eventos-MICE-son-amar-150x150.jpg 150w, https:\/\/www.mallorcaleads.com\/wp-content\/uploads\/2024\/10\/Mallorca-destino-perfecto-eventos-MICE-son-amar.jpg 650w\" sizes=\"(max-width: 300px) 100vw, 300px\" \/><\/p><p style=\"text-align: left;\"><span style=\"font-weight: 400;\">En resumen, <\/span><b>Mallorca se erige como el destino MICE<\/b><span style=\"font-weight: 400;\"> por excelencia, ofreciendo una combinaci\u00f3n irresistible de belleza natural, infraestructura de calidad y una diversidad de lugares que satisfacen las necesidades de las empresas. Sea cual sea la zona de Mallorca, cada rinc\u00f3n de la isla ofrece un escenario perfecto para la celebraci\u00f3n de eventos empresariales y corporativos que quedar\u00e1n grabados en la memoria de todos los participantes. <\/span><span style=\"font-weight: 400;\"><br \/><\/span><span style=\"font-weight: 400;\">\u00a1Descubre Mallorca y haz de tus eventos una experiencia inolvidable!<\/span><\/p>\t\t\t\t\t\t\t\t<\/div>\n\t\t\t\t<\/div>\n\t\t\t\t\t<\/div>\n\t\t<\/div>\n\t\t\t\t\t<\/div>\n\t\t<\/section>\n\t\t\t\t<\/div>\n\t\t","protected":false},"excerpt":{"rendered":"<p>Mallorca, la perla del Mediterr\u00e1neo, se erige como el destino perfecto para la organizaci\u00f3n de eventos MICE (Meetings, Incentives, Conferences, and Exhibitions) en el \u00e1mbito empresarial. Esta joya balear destaca [&hellip;]<\/p>\n","protected":false},"author":5,"featured_media":32307,"comment_status":"closed","ping_status":"closed","sticky":false,"template":"","format":"standard","meta":{"_acf_changed":false,"inline_featured_image":false,"footnotes":""},"categories":[13,83,107],"tags":[],"class_list":["post-32285","post","type-post","status-publish","format-standard","has-post-thumbnail","hentry","category-eventos","category-mallorca","category-tendencias"],"acf":[],"yoast_head":"<!-- This site is optimized with the Yoast SEO plugin v27.2 - https:\/\/yoast.com\/product\/yoast-seo-wordpress\/ -->\n<title>Mallorca: El destino perfecto para tus eventos MICE - MallorcaLeads<\/title>\n<meta name=\"description\" content=\"Mallorca, el destino MICE perfecto. Desde la zona de Calvi\u00e0 hasta lugares hist\u00f3ricos la isla ofrece belleza, infraestructura y versatilidad para eventos empresariales inolvidables. \u00a1Desc\u00fabrela!\" \/>\n<meta name=\"robots\" content=\"index, follow, max-snippet:-1, max-image-preview:large, max-video-preview:-1\" \/>\n<link rel=\"canonical\" href=\"https:\/\/www.mallorcaleads.com\/es\/magazine\/mallorca\/mallorca-el-destino-perfecto-para-tus-eventos-mice\/\" \/>\n<meta property=\"og:locale\" content=\"es_ES\" \/>\n<meta property=\"og:type\" content=\"article\" \/>\n<meta property=\"og:title\" content=\"Mallorca: El destino perfecto para tus eventos MICE - MallorcaLeads\" \/>\n<meta property=\"og:description\" content=\"Mallorca, el destino MICE perfecto. Desde la zona de Calvi\u00e0 hasta lugares hist\u00f3ricos la isla ofrece belleza, infraestructura y versatilidad para eventos empresariales inolvidables. \u00a1Desc\u00fabrela!\" \/>\n<meta property=\"og:url\" content=\"https:\/\/www.mallorcaleads.com\/es\/magazine\/mallorca\/mallorca-el-destino-perfecto-para-tus-eventos-mice\/\" \/>\n<meta property=\"og:site_name\" content=\"MallorcaLeads\" \/>\n<meta property=\"article:publisher\" content=\"https:\/\/www.facebook.com\/mallorcaleads\/\" \/>\n<meta property=\"article:published_time\" content=\"2024-10-09T09:51:08+00:00\" \/>\n<meta property=\"og:image\" content=\"https:\/\/www.mallorcaleads.com\/wp-content\/uploads\/2024\/10\/Mallorca-el-destino-perfecto-para-tus-eventos-MICE.jpeg\" \/>\n\t<meta property=\"og:image:width\" content=\"1000\" \/>\n\t<meta property=\"og:image:height\" content=\"766\" \/>\n\t<meta property=\"og:image:type\" content=\"image\/jpeg\" \/>\n<meta name=\"author\" content=\"rosunamleads\" \/>\n<meta name=\"twitter:card\" content=\"summary_large_image\" \/>\n<meta name=\"twitter:label1\" content=\"Escrito por\" \/>\n\t<meta name=\"twitter:data1\" content=\"rosunamleads\" \/>\n\t<meta name=\"twitter:label2\" content=\"Tiempo de lectura\" \/>\n\t<meta name=\"twitter:data2\" content=\"3 minutos\" \/>\n<script type=\"application\/ld+json\" class=\"yoast-schema-graph\">{\"@context\":\"https:\/\/schema.org\",\"@graph\":[{\"@type\":\"Article\",\"@id\":\"https:\/\/www.mallorcaleads.com\/es\/magazine\/mallorca\/mallorca-el-destino-perfecto-para-tus-eventos-mice\/#article\",\"isPartOf\":{\"@id\":\"https:\/\/www.mallorcaleads.com\/es\/magazine\/mallorca\/mallorca-el-destino-perfecto-para-tus-eventos-mice\/\"},\"author\":{\"name\":\"rosunamleads\",\"@id\":\"https:\/\/www.mallorcaleads.com\/es\/#\/schema\/person\/506e19bbccf358e672526d089c3827be\"},\"headline\":\"Mallorca: El destino perfecto para tus eventos MICE\",\"datePublished\":\"2024-10-09T09:51:08+00:00\",\"mainEntityOfPage\":{\"@id\":\"https:\/\/www.mallorcaleads.com\/es\/magazine\/mallorca\/mallorca-el-destino-perfecto-para-tus-eventos-mice\/\"},\"wordCount\":625,\"publisher\":{\"@id\":\"https:\/\/www.mallorcaleads.com\/es\/#organization\"},\"image\":{\"@id\":\"https:\/\/www.mallorcaleads.com\/es\/magazine\/mallorca\/mallorca-el-destino-perfecto-para-tus-eventos-mice\/#primaryimage\"},\"thumbnailUrl\":\"https:\/\/www.mallorcaleads.com\/wp-content\/uploads\/2024\/10\/Mallorca-el-destino-perfecto-para-tus-eventos-MICE.jpeg\",\"articleSection\":[\"Eventos\",\"Mallorca\",\"Tendencias\"],\"inLanguage\":\"es\"},{\"@type\":\"WebPage\",\"@id\":\"https:\/\/www.mallorcaleads.com\/es\/magazine\/mallorca\/mallorca-el-destino-perfecto-para-tus-eventos-mice\/\",\"url\":\"https:\/\/www.mallorcaleads.com\/es\/magazine\/mallorca\/mallorca-el-destino-perfecto-para-tus-eventos-mice\/\",\"name\":\"Mallorca: El destino perfecto para tus eventos MICE - MallorcaLeads\",\"isPartOf\":{\"@id\":\"https:\/\/www.mallorcaleads.com\/es\/#website\"},\"primaryImageOfPage\":{\"@id\":\"https:\/\/www.mallorcaleads.com\/es\/magazine\/mallorca\/mallorca-el-destino-perfecto-para-tus-eventos-mice\/#primaryimage\"},\"image\":{\"@id\":\"https:\/\/www.mallorcaleads.com\/es\/magazine\/mallorca\/mallorca-el-destino-perfecto-para-tus-eventos-mice\/#primaryimage\"},\"thumbnailUrl\":\"https:\/\/www.mallorcaleads.com\/wp-content\/uploads\/2024\/10\/Mallorca-el-destino-perfecto-para-tus-eventos-MICE.jpeg\",\"datePublished\":\"2024-10-09T09:51:08+00:00\",\"description\":\"Mallorca, el destino MICE perfecto. Desde la zona de Calvi\u00e0 hasta lugares hist\u00f3ricos la isla ofrece belleza, infraestructura y versatilidad para eventos empresariales inolvidables. \u00a1Desc\u00fabrela!\",\"breadcrumb\":{\"@id\":\"https:\/\/www.mallorcaleads.com\/es\/magazine\/mallorca\/mallorca-el-destino-perfecto-para-tus-eventos-mice\/#breadcrumb\"},\"inLanguage\":\"es\",\"potentialAction\":[{\"@type\":\"ReadAction\",\"target\":[\"https:\/\/www.mallorcaleads.com\/es\/magazine\/mallorca\/mallorca-el-destino-perfecto-para-tus-eventos-mice\/\"]}]},{\"@type\":\"ImageObject\",\"inLanguage\":\"es\",\"@id\":\"https:\/\/www.mallorcaleads.com\/es\/magazine\/mallorca\/mallorca-el-destino-perfecto-para-tus-eventos-mice\/#primaryimage\",\"url\":\"https:\/\/www.mallorcaleads.com\/wp-content\/uploads\/2024\/10\/Mallorca-el-destino-perfecto-para-tus-eventos-MICE.jpeg\",\"contentUrl\":\"https:\/\/www.mallorcaleads.com\/wp-content\/uploads\/2024\/10\/Mallorca-el-destino-perfecto-para-tus-eventos-MICE.jpeg\",\"width\":1000,\"height\":766},{\"@type\":\"BreadcrumbList\",\"@id\":\"https:\/\/www.mallorcaleads.com\/es\/magazine\/mallorca\/mallorca-el-destino-perfecto-para-tus-eventos-mice\/#breadcrumb\",\"itemListElement\":[{\"@type\":\"ListItem\",\"position\":1,\"name\":\"Portada\",\"item\":\"https:\/\/www.mallorcaleads.com\/es\/\"},{\"@type\":\"ListItem\",\"position\":2,\"name\":\"Mallorca: El destino perfecto para tus eventos MICE\"}]},{\"@type\":\"WebSite\",\"@id\":\"https:\/\/www.mallorcaleads.com\/es\/#website\",\"url\":\"https:\/\/www.mallorcaleads.com\/es\/\",\"name\":\"MallorcaLeads\",\"description\":\"Organizaci\u00f3n de eventos en Mallorca. Consultor\u00eda gratuita.\",\"publisher\":{\"@id\":\"https:\/\/www.mallorcaleads.com\/es\/#organization\"},\"potentialAction\":[{\"@type\":\"SearchAction\",\"target\":{\"@type\":\"EntryPoint\",\"urlTemplate\":\"https:\/\/www.mallorcaleads.com\/es\/?s={search_term_string}\"},\"query-input\":{\"@type\":\"PropertyValueSpecification\",\"valueRequired\":true,\"valueName\":\"search_term_string\"}}],\"inLanguage\":\"es\"},{\"@type\":\"Organization\",\"@id\":\"https:\/\/www.mallorcaleads.com\/es\/#organization\",\"name\":\"Mallorcaleads\",\"url\":\"https:\/\/www.mallorcaleads.com\/es\/\",\"logo\":{\"@type\":\"ImageObject\",\"inLanguage\":\"es\",\"@id\":\"https:\/\/www.mallorcaleads.com\/es\/#\/schema\/logo\/image\/\",\"url\":\"https:\/\/www.mallorcaleads.com\/wp-content\/uploads\/2023\/12\/mallorcaleads-logo-negro.svg\",\"contentUrl\":\"https:\/\/www.mallorcaleads.com\/wp-content\/uploads\/2023\/12\/mallorcaleads-logo-negro.svg\",\"width\":\"1024\",\"height\":\"1024\",\"caption\":\"Mallorcaleads\"},\"image\":{\"@id\":\"https:\/\/www.mallorcaleads.com\/es\/#\/schema\/logo\/image\/\"},\"sameAs\":[\"https:\/\/www.facebook.com\/mallorcaleads\/\",\"https:\/\/www.instagram.com\/mallorcaleads\/\",\"https:\/\/es.linkedin.com\/company\/mallorcaleads\",\"https:\/\/www.youtube.com\/channel\/UCHsLT6PzPAiCSK8vEsAYoMg\/videos?sort=dd&shelf_id=0\"]},{\"@type\":\"Person\",\"@id\":\"https:\/\/www.mallorcaleads.com\/es\/#\/schema\/person\/506e19bbccf358e672526d089c3827be\",\"name\":\"rosunamleads\"}]}<\/script>\n<!-- \/ Yoast SEO plugin. -->","yoast_head_json":{"title":"Mallorca: El destino perfecto para tus eventos MICE - MallorcaLeads","description":"Mallorca, el destino MICE perfecto. Desde la zona de Calvi\u00e0 hasta lugares hist\u00f3ricos la isla ofrece belleza, infraestructura y versatilidad para eventos empresariales inolvidables. \u00a1Desc\u00fabrela!","robots":{"index":"index","follow":"follow","max-snippet":"max-snippet:-1","max-image-preview":"max-image-preview:large","max-video-preview":"max-video-preview:-1"},"canonical":"https:\/\/www.mallorcaleads.com\/es\/magazine\/mallorca\/mallorca-el-destino-perfecto-para-tus-eventos-mice\/","og_locale":"es_ES","og_type":"article","og_title":"Mallorca: El destino perfecto para tus eventos MICE - MallorcaLeads","og_description":"Mallorca, el destino MICE perfecto. Desde la zona de Calvi\u00e0 hasta lugares hist\u00f3ricos la isla ofrece belleza, infraestructura y versatilidad para eventos empresariales inolvidables. \u00a1Desc\u00fabrela!","og_url":"https:\/\/www.mallorcaleads.com\/es\/magazine\/mallorca\/mallorca-el-destino-perfecto-para-tus-eventos-mice\/","og_site_name":"MallorcaLeads","article_publisher":"https:\/\/www.facebook.com\/mallorcaleads\/","article_published_time":"2024-10-09T09:51:08+00:00","og_image":[{"width":1000,"height":766,"url":"https:\/\/www.mallorcaleads.com\/wp-content\/uploads\/2024\/10\/Mallorca-el-destino-perfecto-para-tus-eventos-MICE.jpeg","type":"image\/jpeg"}],"author":"rosunamleads","twitter_card":"summary_large_image","twitter_misc":{"Escrito por":"rosunamleads","Tiempo de lectura":"3 minutos"},"schema":{"@context":"https:\/\/schema.org","@graph":[{"@type":"Article","@id":"https:\/\/www.mallorcaleads.com\/es\/magazine\/mallorca\/mallorca-el-destino-perfecto-para-tus-eventos-mice\/#article","isPartOf":{"@id":"https:\/\/www.mallorcaleads.com\/es\/magazine\/mallorca\/mallorca-el-destino-perfecto-para-tus-eventos-mice\/"},"author":{"name":"rosunamleads","@id":"https:\/\/www.mallorcaleads.com\/es\/#\/schema\/person\/506e19bbccf358e672526d089c3827be"},"headline":"Mallorca: El destino perfecto para tus eventos MICE","datePublished":"2024-10-09T09:51:08+00:00","mainEntityOfPage":{"@id":"https:\/\/www.mallorcaleads.com\/es\/magazine\/mallorca\/mallorca-el-destino-perfecto-para-tus-eventos-mice\/"},"wordCount":625,"publisher":{"@id":"https:\/\/www.mallorcaleads.com\/es\/#organization"},"image":{"@id":"https:\/\/www.mallorcaleads.com\/es\/magazine\/mallorca\/mallorca-el-destino-perfecto-para-tus-eventos-mice\/#primaryimage"},"thumbnailUrl":"https:\/\/www.mallorcaleads.com\/wp-content\/uploads\/2024\/10\/Mallorca-el-destino-perfecto-para-tus-eventos-MICE.jpeg","articleSection":["Eventos","Mallorca","Tendencias"],"inLanguage":"es"},{"@type":"WebPage","@id":"https:\/\/www.mallorcaleads.com\/es\/magazine\/mallorca\/mallorca-el-destino-perfecto-para-tus-eventos-mice\/","url":"https:\/\/www.mallorcaleads.com\/es\/magazine\/mallorca\/mallorca-el-destino-perfecto-para-tus-eventos-mice\/","name":"Mallorca: El destino perfecto para tus eventos MICE - MallorcaLeads","isPartOf":{"@id":"https:\/\/www.mallorcaleads.com\/es\/#website"},"primaryImageOfPage":{"@id":"https:\/\/www.mallorcaleads.com\/es\/magazine\/mallorca\/mallorca-el-destino-perfecto-para-tus-eventos-mice\/#primaryimage"},"image":{"@id":"https:\/\/www.mallorcaleads.com\/es\/magazine\/mallorca\/mallorca-el-destino-perfecto-para-tus-eventos-mice\/#primaryimage"},"thumbnailUrl":"https:\/\/www.mallorcaleads.com\/wp-content\/uploads\/2024\/10\/Mallorca-el-destino-perfecto-para-tus-eventos-MICE.jpeg","datePublished":"2024-10-09T09:51:08+00:00","description":"Mallorca, el destino MICE perfecto. Desde la zona de Calvi\u00e0 hasta lugares hist\u00f3ricos la isla ofrece belleza, infraestructura y versatilidad para eventos empresariales inolvidables. \u00a1Desc\u00fabrela!","breadcrumb":{"@id":"https:\/\/www.mallorcaleads.com\/es\/magazine\/mallorca\/mallorca-el-destino-perfecto-para-tus-eventos-mice\/#breadcrumb"},"inLanguage":"es","potentialAction":[{"@type":"ReadAction","target":["https:\/\/www.mallorcaleads.com\/es\/magazine\/mallorca\/mallorca-el-destino-perfecto-para-tus-eventos-mice\/"]}]},{"@type":"ImageObject","inLanguage":"es","@id":"https:\/\/www.mallorcaleads.com\/es\/magazine\/mallorca\/mallorca-el-destino-perfecto-para-tus-eventos-mice\/#primaryimage","url":"https:\/\/www.mallorcaleads.com\/wp-content\/uploads\/2024\/10\/Mallorca-el-destino-perfecto-para-tus-eventos-MICE.jpeg","contentUrl":"https:\/\/www.mallorcaleads.com\/wp-content\/uploads\/2024\/10\/Mallorca-el-destino-perfecto-para-tus-eventos-MICE.jpeg","width":1000,"height":766},{"@type":"BreadcrumbList","@id":"https:\/\/www.mallorcaleads.com\/es\/magazine\/mallorca\/mallorca-el-destino-perfecto-para-tus-eventos-mice\/#breadcrumb","itemListElement":[{"@type":"ListItem","position":1,"name":"Portada","item":"https:\/\/www.mallorcaleads.com\/es\/"},{"@type":"ListItem","position":2,"name":"Mallorca: El destino perfecto para tus eventos MICE"}]},{"@type":"WebSite","@id":"https:\/\/www.mallorcaleads.com\/es\/#website","url":"https:\/\/www.mallorcaleads.com\/es\/","name":"MallorcaLeads","description":"Organizaci\u00f3n de eventos en Mallorca. Consultor\u00eda gratuita.","publisher":{"@id":"https:\/\/www.mallorcaleads.com\/es\/#organization"},"potentialAction":[{"@type":"SearchAction","target":{"@type":"EntryPoint","urlTemplate":"https:\/\/www.mallorcaleads.com\/es\/?s={search_term_string}"},"query-input":{"@type":"PropertyValueSpecification","valueRequired":true,"valueName":"search_term_string"}}],"inLanguage":"es"},{"@type":"Organization","@id":"https:\/\/www.mallorcaleads.com\/es\/#organization","name":"Mallorcaleads","url":"https:\/\/www.mallorcaleads.com\/es\/","logo":{"@type":"ImageObject","inLanguage":"es","@id":"https:\/\/www.mallorcaleads.com\/es\/#\/schema\/logo\/image\/","url":"https:\/\/www.mallorcaleads.com\/wp-content\/uploads\/2023\/12\/mallorcaleads-logo-negro.svg","contentUrl":"https:\/\/www.mallorcaleads.com\/wp-content\/uploads\/2023\/12\/mallorcaleads-logo-negro.svg","width":"1024","height":"1024","caption":"Mallorcaleads"},"image":{"@id":"https:\/\/www.mallorcaleads.com\/es\/#\/schema\/logo\/image\/"},"sameAs":["https:\/\/www.facebook.com\/mallorcaleads\/","https:\/\/www.instagram.com\/mallorcaleads\/","https:\/\/es.linkedin.com\/company\/mallorcaleads","https:\/\/www.youtube.com\/channel\/UCHsLT6PzPAiCSK8vEsAYoMg\/videos?sort=dd&shelf_id=0"]},{"@type":"Person","@id":"https:\/\/www.mallorcaleads.com\/es\/#\/schema\/person\/506e19bbccf358e672526d089c3827be","name":"rosunamleads"}]}},"_links":{"self":[{"href":"https:\/\/www.mallorcaleads.com\/es\/wp-json\/wp\/v2\/posts\/32285","targetHints":{"allow":["GET"]}}],"collection":[{"href":"https:\/\/www.mallorcaleads.com\/es\/wp-json\/wp\/v2\/posts"}],"about":[{"href":"https:\/\/www.mallorcaleads.com\/es\/wp-json\/wp\/v2\/types\/post"}],"author":[{"embeddable":true,"href":"https:\/\/www.mallorcaleads.com\/es\/wp-json\/wp\/v2\/users\/5"}],"replies":[{"embeddable":true,"href":"https:\/\/www.mallorcaleads.com\/es\/wp-json\/wp\/v2\/comments?post=32285"}],"version-history":[{"count":8,"href":"https:\/\/www.mallorcaleads.com\/es\/wp-json\/wp\/v2\/posts\/32285\/revisions"}],"predecessor-version":[{"id":32309,"href":"https:\/\/www.mallorcaleads.com\/es\/wp-json\/wp\/v2\/posts\/32285\/revisions\/32309"}],"wp:featuredmedia":[{"embeddable":true,"href":"https:\/\/www.mallorcaleads.com\/es\/wp-json\/wp\/v2\/media\/32307"}],"wp:attachment":[{"href":"https:\/\/www.mallorcaleads.com\/es\/wp-json\/wp\/v2\/media?parent=32285"}],"wp:term":[{"taxonomy":"category","embeddable":true,"href":"https:\/\/www.mallorcaleads.com\/es\/wp-json\/wp\/v2\/categories?post=32285"},{"taxonomy":"post_tag","embeddable":true,"href":"https:\/\/www.mallorcaleads.com\/es\/wp-json\/wp\/v2\/tags?post=32285"}],"curies":[{"name":"wp","href":"https:\/\/api.w.org\/{rel}","templated":true}]}}