{"id":31343,"date":"2024-08-06T08:39:20","date_gmt":"2024-08-06T08:39:20","guid":{"rendered":"https:\/\/www.mallorcaleads.com\/?p=31343"},"modified":"2024-08-07T10:38:24","modified_gmt":"2024-08-07T10:38:24","slug":"salas-para-eventos-en-hoteles-de-mallorca","status":"publish","type":"post","link":"https:\/\/www.mallorcaleads.com\/es\/magazine\/mallorca\/salas-para-eventos-en-hoteles-de-mallorca\/","title":{"rendered":"Hoteles con salas para eventos corporativos en Mallorca"},"content":{"rendered":"\t\t<div data-elementor-type=\"wp-post\" data-elementor-id=\"31343\" class=\"elementor elementor-31343\" data-elementor-post-type=\"post\">\n\t\t\t\t\t\t<section class=\"elementor-section elementor-top-section elementor-element elementor-element-d586811 elementor-section-boxed elementor-section-height-default elementor-section-height-default qodef-elementor-content-no\" data-id=\"d586811\" data-element_type=\"section\" data-e-type=\"section\">\n\t\t\t\t\t\t<div class=\"elementor-container elementor-column-gap-default\">\n\t\t\t\t\t<div class=\"elementor-column elementor-col-100 elementor-top-column elementor-element elementor-element-586a758\" data-id=\"586a758\" data-element_type=\"column\" data-e-type=\"column\">\n\t\t\t<div class=\"elementor-widget-wrap elementor-element-populated\">\n\t\t\t\t\t\t<div class=\"elementor-element elementor-element-2788946 elementor-widget elementor-widget-text-editor\" data-id=\"2788946\" data-element_type=\"widget\" data-e-type=\"widget\" data-widget_type=\"text-editor.default\">\n\t\t\t\t<div class=\"elementor-widget-container\">\n\t\t\t\t\t\t\t\t\t<p style=\"text-align: left;\"><span style=\"font-weight: 400;\">En Mallorca, la organizaci\u00f3n de eventos corporativos alcanza su m\u00e1ximo esplendor gracias a una variedad de <a href=\"https:\/\/www.mallorcaleads.com\/proveedores-mice-categorias\/hoteles\/\">hoteles<\/a> que ofrecen no solo alojamiento de lujo, sino tambi\u00e9n<\/span><i><span style=\"font-weight: 400;\"> instalaciones ideales para conferencias, reuniones y eventos empresariales<\/span><\/i><span style=\"font-weight: 400;\">. Entre los hoteles destacados se encuentran: <\/span><b>JS Palma Stay, Protur Naisa Palma, Pure Salt Garonda, THB El Cid, Zafiro Palace Hotel Alcudia y Zafiro Palace Hotel Andratx.<\/b><\/p>\n<h3 style=\"text-align: center;\"><b>\u00bfPor qu\u00e9 es importante la elecci\u00f3n de la sala adecuada?<\/b><\/h3>\n<ol>\n<li style=\"text-align: left;\"><b>Ambiente profesional y funcionalidad:<\/b><span style=\"font-weight: 400;\"><span style=\"font-weight: 400;\"> Las salas para eventos en estos hoteles no solo est\u00e1n bien equipadas con tecnolog\u00eda audiovisual de vanguardia, sino que tambi\u00e9n ofrecen un entorno profesional que ayuda a crear una impresi\u00f3n positiva en los participantes y colaboradores. Desde la disposici\u00f3n del mobiliario hasta la iluminaci\u00f3n y la ac\u00fastica, cada detalle est\u00e1 cuidadosamente pensado para asegurar que el evento se desarrolle sin contratiempos.<\/span><\/span>&nbsp;<\/li>\n<li style=\"text-align: left;\"><b>Adaptabilidad y versatilidad:<\/b><span style=\"font-weight: 400;\"><span style=\"font-weight: 400;\"> Las salas son adaptables para diferentes configuraciones seg\u00fan las necesidades del evento, ya sea estilo teatro, sala de juntas, en U o cualquier otra disposici\u00f3n requerida. Esto permite a los organizadores personalizar el espacio seg\u00fan el tipo de reuni\u00f3n o conferencia que est\u00e9n planeando.<\/span><\/span>&nbsp;<\/li>\n<li style=\"text-align: left;\"><b>Tecnolog\u00eda y servicios:<\/b><span style=\"font-weight: 400;\"><span style=\"font-weight: 400;\"> Es esencial que las salas est\u00e9n equipadas con tecnolog\u00eda de \u00faltima generaci\u00f3n, incluyendo sistemas de proyecci\u00f3n, pantallas de alta definici\u00f3n, conexi\u00f3n WiFi de alta velocidad y sistemas de sonido avanzados. Adem\u00e1s, la disponibilidad de servicios como catering especializado, soporte t\u00e9cnico y asistencia log\u00edstica son fundamentales para garantizar la comodidad y el \u00e9xito del evento.<\/span><\/span>&nbsp;<\/li>\n<li style=\"text-align: left;\"><b>&nbsp;Localizaci\u00f3n estrat\u00e9gica:<\/b><span style=\"font-weight: 400;\"><span style=\"font-weight: 400;\"> La ubicaci\u00f3n de los hoteles en Mallorca, cercanos a aeropuertos, centros de negocios y \u00e1reas de inter\u00e9s tur\u00edstico, facilita la llegada de participantes y permite combinar eficientemente actividades de trabajo con opciones de ocio y descanso.<\/span><\/span>&nbsp;<\/li>\n<li style=\"text-align: left;\"><b>Impacto en la experiencia del evento:<\/b><span style=\"font-weight: 400;\"> La elecci\u00f3n de una sala adecuada no solo afecta la log\u00edstica del evento, sino tambi\u00e9n la experiencia general de los asistentes. Una sala bien seleccionada contribuye a crear un ambiente inspirador y c\u00f3modo que aumenta la productividad y la satisfacci\u00f3n de los participantes.<\/span><\/li>\n<\/ol>\n<h3 style=\"text-align: center;\"><b>Hoteles en Mallorca para eventos corporativos<\/b><\/h3>\n<p style=\"text-align: left;\"><a href=\"https:\/\/www.mallorcaleads.com\/proveedores-mice\/js-palma-stay\/\"><b>JS Palma Stay<\/b><\/a><span style=\"font-weight: 400;\"> ofrece un entorno sofisticado para reuniones de negocios. Sus modernas salas de reuniones est\u00e1n equipadas con tecnolog\u00eda audiovisual de \u00faltima generaci\u00f3n, garantizando un ambiente ideal para conferencias y presentaciones. Adem\u00e1s, para mejorar la experiencia de sus clientes ofrece un espacio zen, con piscina de relajaci\u00f3n, jacuzzi, sauna, ba\u00f1o turco, duchas de sensaciones y pila de hielo.<\/span><\/p>\n<p><img fetchpriority=\"high\" decoding=\"async\" class=\"size-medium wp-image-31359 aligncenter\" src=\"https:\/\/www.mallorcaleads.com\/wp-content\/uploads\/2024\/08\/salas-para-eventos-en-hoteles-de-mallorca-js-palma-stay-300x300.jpg\" alt=\"\" width=\"300\" height=\"300\" srcset=\"https:\/\/www.mallorcaleads.com\/wp-content\/uploads\/2024\/08\/salas-para-eventos-en-hoteles-de-mallorca-js-palma-stay-300x300.jpg 300w, https:\/\/www.mallorcaleads.com\/wp-content\/uploads\/2024\/08\/salas-para-eventos-en-hoteles-de-mallorca-js-palma-stay-150x150.jpg 150w, https:\/\/www.mallorcaleads.com\/wp-content\/uploads\/2024\/08\/salas-para-eventos-en-hoteles-de-mallorca-js-palma-stay.jpg 650w\" sizes=\"(max-width: 300px) 100vw, 300px\" \/><\/p>\n<hr style=\"border-top: 1px solid #C7BC7F;\">\n<p style=\"text-align: left;\"><a href=\"https:\/\/www.mallorcaleads.com\/proveedores-mice\/protur-naisa-palma\/\"><b>Protur Naisa Palma<\/b><\/a><span style=\"font-weight: 400;\"> es conocido por sus amplias instalaciones que incluyen salas modulares perfectas para eventos de diferentes tama\u00f1os. Adem\u00e1s, su ubicaci\u00f3n en el centro de la ciudad lo convierte en una opci\u00f3n conveniente para eventos empresariales en Mallorca.<\/span><\/p>\n<p><img decoding=\"async\" class=\"size-medium wp-image-31357 aligncenter\" src=\"https:\/\/www.mallorcaleads.com\/wp-content\/uploads\/2024\/08\/salas-para-eventos-en-hoteles-de-mallorca-protur-naisa-palma-300x300.jpg\" alt=\"\" width=\"300\" height=\"300\" srcset=\"https:\/\/www.mallorcaleads.com\/wp-content\/uploads\/2024\/08\/salas-para-eventos-en-hoteles-de-mallorca-protur-naisa-palma-300x300.jpg 300w, https:\/\/www.mallorcaleads.com\/wp-content\/uploads\/2024\/08\/salas-para-eventos-en-hoteles-de-mallorca-protur-naisa-palma-150x150.jpg 150w, https:\/\/www.mallorcaleads.com\/wp-content\/uploads\/2024\/08\/salas-para-eventos-en-hoteles-de-mallorca-protur-naisa-palma.jpg 650w\" sizes=\"(max-width: 300px) 100vw, 300px\" \/><\/p>\n<hr style=\"border-top: 1px solid #C7BC7F;\">\n<p style=\"text-align: left;\"><a href=\"https:\/\/www.mallorcaleads.com\/proveedores-mice\/pure-salt-garonda\/\"><b>Pure Salt Garonda<\/b><\/a><span style=\"font-weight: 400;\">, situado en primera l\u00ednea de playa en Playa de Palma con vistas incre\u00edbles al Mediterr\u00e1neo, combinando lujo y funcionalidad con sus espacios para eventos y la disponibilidad de servicios de catering de alta calidad.<\/span><\/p>\n<p><img decoding=\"async\" class=\"size-medium wp-image-31349 aligncenter\" src=\"https:\/\/www.mallorcaleads.com\/wp-content\/uploads\/2024\/08\/salas-para-eventos-en-hoteles-de-mallorca-pure-salt-garonda-300x300.jpg\" alt=\"\" width=\"300\" height=\"300\" srcset=\"https:\/\/www.mallorcaleads.com\/wp-content\/uploads\/2024\/08\/salas-para-eventos-en-hoteles-de-mallorca-pure-salt-garonda-300x300.jpg 300w, https:\/\/www.mallorcaleads.com\/wp-content\/uploads\/2024\/08\/salas-para-eventos-en-hoteles-de-mallorca-pure-salt-garonda-150x150.jpg 150w, https:\/\/www.mallorcaleads.com\/wp-content\/uploads\/2024\/08\/salas-para-eventos-en-hoteles-de-mallorca-pure-salt-garonda.jpg 650w\" sizes=\"(max-width: 300px) 100vw, 300px\" \/><br><\/p>\n<hr style=\"border-top: 1px solid #C7BC7F;\">\n<p style=\"text-align: left;\"><a href=\"https:\/\/www.mallorcaleads.com\/proveedores-mice\/thb-el-cid\/\"><b>THB El Cid <\/b><\/a><span style=\"font-weight: 400;\">ofrece un entorno elegante y profesional en primera l\u00ednea de playa en Playa de Palma, ideal para conferencias y eventos empresariales. Su sala cuenta con todo lo necesario para asegurar el \u00e9xito de cualquier reuni\u00f3n de negocios.<\/span><\/p>\n<p><img loading=\"lazy\" decoding=\"async\" class=\"size-medium wp-image-31351 aligncenter\" src=\"https:\/\/www.mallorcaleads.com\/wp-content\/uploads\/2024\/08\/salas-para-eventos-en-hoteles-de-mallorca-thb-el-cid-300x300.jpg\" alt=\"\" width=\"300\" height=\"300\" srcset=\"https:\/\/www.mallorcaleads.com\/wp-content\/uploads\/2024\/08\/salas-para-eventos-en-hoteles-de-mallorca-thb-el-cid-300x300.jpg 300w, https:\/\/www.mallorcaleads.com\/wp-content\/uploads\/2024\/08\/salas-para-eventos-en-hoteles-de-mallorca-thb-el-cid-150x150.jpg 150w, https:\/\/www.mallorcaleads.com\/wp-content\/uploads\/2024\/08\/salas-para-eventos-en-hoteles-de-mallorca-thb-el-cid.jpg 650w\" sizes=\"(max-width: 300px) 100vw, 300px\" \/><br><\/p>\n<hr style=\"border-top: 1px solid #C7BC7F;\">\n<p style=\"text-align: left;\"><b><a href=\"https:\/\/www.mallorcaleads.com\/proveedores-mice\/zafiro-palace-alcudia\/\">Zafiro Palace Hotel Alcudia<\/a> y <a href=\"https:\/\/www.mallorcaleads.com\/proveedores-mice\/zafiro-palace-andratx\/\">Zafiro Palace Hotel Andratx<\/a>, <\/b><span style=\"font-weight: 400;\">son reconocidos por sus instalaciones de clase mundial que se adaptan a cualquier tipo de <\/span><i><span style=\"font-weight: 400;\">evento corporativo, desde peque\u00f1as reuniones hasta grandes conferencias<\/span><\/i><span style=\"font-weight: 400;\">. Estos hoteles no solo ofrecen espacios vers\u00e1tiles, sino tambi\u00e9n servicios de alta gama como tecnolog\u00eda avanzada para eventos, catering personalizado y un equipo dedicado a la planificaci\u00f3n de eventos.<\/span><\/p>\n<p style=\"text-align: left;\"><span style=\"font-weight: 400;\">La elecci\u00f3n de la sala adecuada en los hoteles para eventos corporativos en Mallorca no debe subestimarse. Es evidente que el ambiente y las instalaciones juegan un papel fundamental en el \u00e9xito de cualquier evento empresarial.&nbsp;<\/span><\/p>\n<p><img loading=\"lazy\" decoding=\"async\" class=\"size-medium wp-image-31353 aligncenter\" src=\"https:\/\/www.mallorcaleads.com\/wp-content\/uploads\/2024\/08\/salas-para-eventos-en-hoteles-de-mallorca-zafiro-palace-hotel-alcudia-300x300.jpg\" alt=\"\" width=\"300\" height=\"300\" srcset=\"https:\/\/www.mallorcaleads.com\/wp-content\/uploads\/2024\/08\/salas-para-eventos-en-hoteles-de-mallorca-zafiro-palace-hotel-alcudia-300x300.jpg 300w, https:\/\/www.mallorcaleads.com\/wp-content\/uploads\/2024\/08\/salas-para-eventos-en-hoteles-de-mallorca-zafiro-palace-hotel-alcudia-150x150.jpg 150w, https:\/\/www.mallorcaleads.com\/wp-content\/uploads\/2024\/08\/salas-para-eventos-en-hoteles-de-mallorca-zafiro-palace-hotel-alcudia.jpg 650w\" sizes=\"(max-width: 300px) 100vw, 300px\" \/><\/p>\n<p style=\"text-align: left;\"><span style=\"font-weight: 400;\">Sea como sea el formato del evento \u2014desde conferencias hasta reuniones de negocios y eventos de gala\u2014, es crucial contar con un espacio que no solo cumpla con los requisitos t\u00e9cnicos, sino que tambi\u00e9n cree un entorno propicio para la interacci\u00f3n y el desarrollo de relaciones empresariales.<\/span><\/p>\n<p><img loading=\"lazy\" decoding=\"async\" class=\"size-medium wp-image-31355 aligncenter\" src=\"https:\/\/www.mallorcaleads.com\/wp-content\/uploads\/2024\/08\/salas-para-eventos-en-hoteles-de-mallorca-zafiro-palace-hotel-andratx-300x300.jpg\" alt=\"\" width=\"300\" height=\"300\" srcset=\"https:\/\/www.mallorcaleads.com\/wp-content\/uploads\/2024\/08\/salas-para-eventos-en-hoteles-de-mallorca-zafiro-palace-hotel-andratx-300x300.jpg 300w, https:\/\/www.mallorcaleads.com\/wp-content\/uploads\/2024\/08\/salas-para-eventos-en-hoteles-de-mallorca-zafiro-palace-hotel-andratx-150x150.jpg 150w, https:\/\/www.mallorcaleads.com\/wp-content\/uploads\/2024\/08\/salas-para-eventos-en-hoteles-de-mallorca-zafiro-palace-hotel-andratx.jpg 650w\" sizes=\"(max-width: 300px) 100vw, 300px\" \/><\/p>\t\t\t\t\t\t\t\t<\/div>\n\t\t\t\t<\/div>\n\t\t\t\t\t<\/div>\n\t\t<\/div>\n\t\t\t\t\t<\/div>\n\t\t<\/section>\n\t\t\t\t<\/div>\n\t\t","protected":false},"excerpt":{"rendered":"<p>En Mallorca, la organizaci\u00f3n de eventos corporativos alcanza su m\u00e1ximo esplendor gracias a una variedad de hoteles que ofrecen no solo alojamiento de lujo, sino tambi\u00e9n instalaciones ideales para conferencias, [&hellip;]<\/p>\n","protected":false},"author":5,"featured_media":31346,"comment_status":"closed","ping_status":"closed","sticky":false,"template":"","format":"standard","meta":{"_acf_changed":false,"inline_featured_image":false,"footnotes":""},"categories":[13,83,107],"tags":[],"class_list":["post-31343","post","type-post","status-publish","format-standard","has-post-thumbnail","hentry","category-eventos","category-mallorca","category-tendencias"],"acf":[],"yoast_head":"<!-- This site is optimized with the Yoast SEO plugin v27.2 - https:\/\/yoast.com\/product\/yoast-seo-wordpress\/ -->\n<title>Salas para eventos en hoteles de Mallorca - MallorcaLeads<\/title>\n<meta name=\"description\" content=\"Las mejores salas para eventos en hoteles de Mallorca. Espacios y servicios de calidad para conferencias y reuniones empresariales en un entorno \u00fanico \u00a1Te las mostramos!\" \/>\n<meta name=\"robots\" content=\"index, follow, max-snippet:-1, max-image-preview:large, max-video-preview:-1\" \/>\n<link rel=\"canonical\" href=\"https:\/\/www.mallorcaleads.com\/es\/magazine\/mallorca\/salas-para-eventos-en-hoteles-de-mallorca\/\" \/>\n<meta property=\"og:locale\" content=\"es_ES\" \/>\n<meta property=\"og:type\" content=\"article\" \/>\n<meta property=\"og:title\" content=\"Salas para eventos en hoteles de Mallorca - MallorcaLeads\" \/>\n<meta property=\"og:description\" content=\"Las mejores salas para eventos en hoteles de Mallorca. Espacios y servicios de calidad para conferencias y reuniones empresariales en un entorno \u00fanico \u00a1Te las mostramos!\" \/>\n<meta property=\"og:url\" content=\"https:\/\/www.mallorcaleads.com\/es\/magazine\/mallorca\/salas-para-eventos-en-hoteles-de-mallorca\/\" \/>\n<meta property=\"og:site_name\" content=\"MallorcaLeads\" \/>\n<meta property=\"article:publisher\" content=\"https:\/\/www.facebook.com\/mallorcaleads\/\" \/>\n<meta property=\"article:published_time\" content=\"2024-08-06T08:39:20+00:00\" \/>\n<meta property=\"article:modified_time\" content=\"2024-08-07T10:38:24+00:00\" \/>\n<meta property=\"og:image\" content=\"https:\/\/www.mallorcaleads.com\/wp-content\/uploads\/2024\/08\/salas-para-eventos-en-hoteles-de-mallorca.png\" \/>\n\t<meta property=\"og:image:width\" content=\"1231\" \/>\n\t<meta property=\"og:image:height\" content=\"815\" \/>\n\t<meta property=\"og:image:type\" content=\"image\/png\" \/>\n<meta name=\"author\" content=\"rosunamleads\" \/>\n<meta name=\"twitter:card\" content=\"summary_large_image\" \/>\n<meta name=\"twitter:label1\" content=\"Escrito por\" \/>\n\t<meta name=\"twitter:data1\" content=\"rosunamleads\" \/>\n\t<meta name=\"twitter:label2\" content=\"Tiempo de lectura\" \/>\n\t<meta name=\"twitter:data2\" content=\"4 minutos\" \/>\n<script type=\"application\/ld+json\" class=\"yoast-schema-graph\">{\"@context\":\"https:\/\/schema.org\",\"@graph\":[{\"@type\":\"Article\",\"@id\":\"https:\/\/www.mallorcaleads.com\/es\/magazine\/mallorca\/salas-para-eventos-en-hoteles-de-mallorca\/#article\",\"isPartOf\":{\"@id\":\"https:\/\/www.mallorcaleads.com\/es\/magazine\/mallorca\/salas-para-eventos-en-hoteles-de-mallorca\/\"},\"author\":{\"name\":\"rosunamleads\",\"@id\":\"https:\/\/www.mallorcaleads.com\/es\/#\/schema\/person\/506e19bbccf358e672526d089c3827be\"},\"headline\":\"Hoteles con salas para eventos corporativos en Mallorca\",\"datePublished\":\"2024-08-06T08:39:20+00:00\",\"dateModified\":\"2024-08-07T10:38:24+00:00\",\"mainEntityOfPage\":{\"@id\":\"https:\/\/www.mallorcaleads.com\/es\/magazine\/mallorca\/salas-para-eventos-en-hoteles-de-mallorca\/\"},\"wordCount\":726,\"publisher\":{\"@id\":\"https:\/\/www.mallorcaleads.com\/es\/#organization\"},\"image\":{\"@id\":\"https:\/\/www.mallorcaleads.com\/es\/magazine\/mallorca\/salas-para-eventos-en-hoteles-de-mallorca\/#primaryimage\"},\"thumbnailUrl\":\"https:\/\/www.mallorcaleads.com\/wp-content\/uploads\/2024\/08\/salas-para-eventos-en-hoteles-de-mallorca.png\",\"articleSection\":[\"Eventos\",\"Mallorca\",\"Tendencias\"],\"inLanguage\":\"es\"},{\"@type\":\"WebPage\",\"@id\":\"https:\/\/www.mallorcaleads.com\/es\/magazine\/mallorca\/salas-para-eventos-en-hoteles-de-mallorca\/\",\"url\":\"https:\/\/www.mallorcaleads.com\/es\/magazine\/mallorca\/salas-para-eventos-en-hoteles-de-mallorca\/\",\"name\":\"Salas para eventos en hoteles de Mallorca - MallorcaLeads\",\"isPartOf\":{\"@id\":\"https:\/\/www.mallorcaleads.com\/es\/#website\"},\"primaryImageOfPage\":{\"@id\":\"https:\/\/www.mallorcaleads.com\/es\/magazine\/mallorca\/salas-para-eventos-en-hoteles-de-mallorca\/#primaryimage\"},\"image\":{\"@id\":\"https:\/\/www.mallorcaleads.com\/es\/magazine\/mallorca\/salas-para-eventos-en-hoteles-de-mallorca\/#primaryimage\"},\"thumbnailUrl\":\"https:\/\/www.mallorcaleads.com\/wp-content\/uploads\/2024\/08\/salas-para-eventos-en-hoteles-de-mallorca.png\",\"datePublished\":\"2024-08-06T08:39:20+00:00\",\"dateModified\":\"2024-08-07T10:38:24+00:00\",\"description\":\"Las mejores salas para eventos en hoteles de Mallorca. Espacios y servicios de calidad para conferencias y reuniones empresariales en un entorno \u00fanico \u00a1Te las mostramos!\",\"breadcrumb\":{\"@id\":\"https:\/\/www.mallorcaleads.com\/es\/magazine\/mallorca\/salas-para-eventos-en-hoteles-de-mallorca\/#breadcrumb\"},\"inLanguage\":\"es\",\"potentialAction\":[{\"@type\":\"ReadAction\",\"target\":[\"https:\/\/www.mallorcaleads.com\/es\/magazine\/mallorca\/salas-para-eventos-en-hoteles-de-mallorca\/\"]}]},{\"@type\":\"ImageObject\",\"inLanguage\":\"es\",\"@id\":\"https:\/\/www.mallorcaleads.com\/es\/magazine\/mallorca\/salas-para-eventos-en-hoteles-de-mallorca\/#primaryimage\",\"url\":\"https:\/\/www.mallorcaleads.com\/wp-content\/uploads\/2024\/08\/salas-para-eventos-en-hoteles-de-mallorca.png\",\"contentUrl\":\"https:\/\/www.mallorcaleads.com\/wp-content\/uploads\/2024\/08\/salas-para-eventos-en-hoteles-de-mallorca.png\",\"width\":1231,\"height\":815},{\"@type\":\"BreadcrumbList\",\"@id\":\"https:\/\/www.mallorcaleads.com\/es\/magazine\/mallorca\/salas-para-eventos-en-hoteles-de-mallorca\/#breadcrumb\",\"itemListElement\":[{\"@type\":\"ListItem\",\"position\":1,\"name\":\"Portada\",\"item\":\"https:\/\/www.mallorcaleads.com\/es\/\"},{\"@type\":\"ListItem\",\"position\":2,\"name\":\"Hoteles con salas para eventos corporativos en Mallorca\"}]},{\"@type\":\"WebSite\",\"@id\":\"https:\/\/www.mallorcaleads.com\/es\/#website\",\"url\":\"https:\/\/www.mallorcaleads.com\/es\/\",\"name\":\"MallorcaLeads\",\"description\":\"Organizaci\u00f3n de eventos en Mallorca. Consultor\u00eda gratuita.\",\"publisher\":{\"@id\":\"https:\/\/www.mallorcaleads.com\/es\/#organization\"},\"potentialAction\":[{\"@type\":\"SearchAction\",\"target\":{\"@type\":\"EntryPoint\",\"urlTemplate\":\"https:\/\/www.mallorcaleads.com\/es\/?s={search_term_string}\"},\"query-input\":{\"@type\":\"PropertyValueSpecification\",\"valueRequired\":true,\"valueName\":\"search_term_string\"}}],\"inLanguage\":\"es\"},{\"@type\":\"Organization\",\"@id\":\"https:\/\/www.mallorcaleads.com\/es\/#organization\",\"name\":\"Mallorcaleads\",\"url\":\"https:\/\/www.mallorcaleads.com\/es\/\",\"logo\":{\"@type\":\"ImageObject\",\"inLanguage\":\"es\",\"@id\":\"https:\/\/www.mallorcaleads.com\/es\/#\/schema\/logo\/image\/\",\"url\":\"https:\/\/www.mallorcaleads.com\/wp-content\/uploads\/2023\/12\/mallorcaleads-logo-negro.svg\",\"contentUrl\":\"https:\/\/www.mallorcaleads.com\/wp-content\/uploads\/2023\/12\/mallorcaleads-logo-negro.svg\",\"width\":\"1024\",\"height\":\"1024\",\"caption\":\"Mallorcaleads\"},\"image\":{\"@id\":\"https:\/\/www.mallorcaleads.com\/es\/#\/schema\/logo\/image\/\"},\"sameAs\":[\"https:\/\/www.facebook.com\/mallorcaleads\/\",\"https:\/\/www.instagram.com\/mallorcaleads\/\",\"https:\/\/es.linkedin.com\/company\/mallorcaleads\",\"https:\/\/www.youtube.com\/channel\/UCHsLT6PzPAiCSK8vEsAYoMg\/videos?sort=dd&shelf_id=0\"]},{\"@type\":\"Person\",\"@id\":\"https:\/\/www.mallorcaleads.com\/es\/#\/schema\/person\/506e19bbccf358e672526d089c3827be\",\"name\":\"rosunamleads\"}]}<\/script>\n<!-- \/ Yoast SEO plugin. -->","yoast_head_json":{"title":"Salas para eventos en hoteles de Mallorca - MallorcaLeads","description":"Las mejores salas para eventos en hoteles de Mallorca. Espacios y servicios de calidad para conferencias y reuniones empresariales en un entorno \u00fanico \u00a1Te las mostramos!","robots":{"index":"index","follow":"follow","max-snippet":"max-snippet:-1","max-image-preview":"max-image-preview:large","max-video-preview":"max-video-preview:-1"},"canonical":"https:\/\/www.mallorcaleads.com\/es\/magazine\/mallorca\/salas-para-eventos-en-hoteles-de-mallorca\/","og_locale":"es_ES","og_type":"article","og_title":"Salas para eventos en hoteles de Mallorca - MallorcaLeads","og_description":"Las mejores salas para eventos en hoteles de Mallorca. Espacios y servicios de calidad para conferencias y reuniones empresariales en un entorno \u00fanico \u00a1Te las mostramos!","og_url":"https:\/\/www.mallorcaleads.com\/es\/magazine\/mallorca\/salas-para-eventos-en-hoteles-de-mallorca\/","og_site_name":"MallorcaLeads","article_publisher":"https:\/\/www.facebook.com\/mallorcaleads\/","article_published_time":"2024-08-06T08:39:20+00:00","article_modified_time":"2024-08-07T10:38:24+00:00","og_image":[{"width":1231,"height":815,"url":"https:\/\/www.mallorcaleads.com\/wp-content\/uploads\/2024\/08\/salas-para-eventos-en-hoteles-de-mallorca.png","type":"image\/png"}],"author":"rosunamleads","twitter_card":"summary_large_image","twitter_misc":{"Escrito por":"rosunamleads","Tiempo de lectura":"4 minutos"},"schema":{"@context":"https:\/\/schema.org","@graph":[{"@type":"Article","@id":"https:\/\/www.mallorcaleads.com\/es\/magazine\/mallorca\/salas-para-eventos-en-hoteles-de-mallorca\/#article","isPartOf":{"@id":"https:\/\/www.mallorcaleads.com\/es\/magazine\/mallorca\/salas-para-eventos-en-hoteles-de-mallorca\/"},"author":{"name":"rosunamleads","@id":"https:\/\/www.mallorcaleads.com\/es\/#\/schema\/person\/506e19bbccf358e672526d089c3827be"},"headline":"Hoteles con salas para eventos corporativos en Mallorca","datePublished":"2024-08-06T08:39:20+00:00","dateModified":"2024-08-07T10:38:24+00:00","mainEntityOfPage":{"@id":"https:\/\/www.mallorcaleads.com\/es\/magazine\/mallorca\/salas-para-eventos-en-hoteles-de-mallorca\/"},"wordCount":726,"publisher":{"@id":"https:\/\/www.mallorcaleads.com\/es\/#organization"},"image":{"@id":"https:\/\/www.mallorcaleads.com\/es\/magazine\/mallorca\/salas-para-eventos-en-hoteles-de-mallorca\/#primaryimage"},"thumbnailUrl":"https:\/\/www.mallorcaleads.com\/wp-content\/uploads\/2024\/08\/salas-para-eventos-en-hoteles-de-mallorca.png","articleSection":["Eventos","Mallorca","Tendencias"],"inLanguage":"es"},{"@type":"WebPage","@id":"https:\/\/www.mallorcaleads.com\/es\/magazine\/mallorca\/salas-para-eventos-en-hoteles-de-mallorca\/","url":"https:\/\/www.mallorcaleads.com\/es\/magazine\/mallorca\/salas-para-eventos-en-hoteles-de-mallorca\/","name":"Salas para eventos en hoteles de Mallorca - MallorcaLeads","isPartOf":{"@id":"https:\/\/www.mallorcaleads.com\/es\/#website"},"primaryImageOfPage":{"@id":"https:\/\/www.mallorcaleads.com\/es\/magazine\/mallorca\/salas-para-eventos-en-hoteles-de-mallorca\/#primaryimage"},"image":{"@id":"https:\/\/www.mallorcaleads.com\/es\/magazine\/mallorca\/salas-para-eventos-en-hoteles-de-mallorca\/#primaryimage"},"thumbnailUrl":"https:\/\/www.mallorcaleads.com\/wp-content\/uploads\/2024\/08\/salas-para-eventos-en-hoteles-de-mallorca.png","datePublished":"2024-08-06T08:39:20+00:00","dateModified":"2024-08-07T10:38:24+00:00","description":"Las mejores salas para eventos en hoteles de Mallorca. Espacios y servicios de calidad para conferencias y reuniones empresariales en un entorno \u00fanico \u00a1Te las mostramos!","breadcrumb":{"@id":"https:\/\/www.mallorcaleads.com\/es\/magazine\/mallorca\/salas-para-eventos-en-hoteles-de-mallorca\/#breadcrumb"},"inLanguage":"es","potentialAction":[{"@type":"ReadAction","target":["https:\/\/www.mallorcaleads.com\/es\/magazine\/mallorca\/salas-para-eventos-en-hoteles-de-mallorca\/"]}]},{"@type":"ImageObject","inLanguage":"es","@id":"https:\/\/www.mallorcaleads.com\/es\/magazine\/mallorca\/salas-para-eventos-en-hoteles-de-mallorca\/#primaryimage","url":"https:\/\/www.mallorcaleads.com\/wp-content\/uploads\/2024\/08\/salas-para-eventos-en-hoteles-de-mallorca.png","contentUrl":"https:\/\/www.mallorcaleads.com\/wp-content\/uploads\/2024\/08\/salas-para-eventos-en-hoteles-de-mallorca.png","width":1231,"height":815},{"@type":"BreadcrumbList","@id":"https:\/\/www.mallorcaleads.com\/es\/magazine\/mallorca\/salas-para-eventos-en-hoteles-de-mallorca\/#breadcrumb","itemListElement":[{"@type":"ListItem","position":1,"name":"Portada","item":"https:\/\/www.mallorcaleads.com\/es\/"},{"@type":"ListItem","position":2,"name":"Hoteles con salas para eventos corporativos en Mallorca"}]},{"@type":"WebSite","@id":"https:\/\/www.mallorcaleads.com\/es\/#website","url":"https:\/\/www.mallorcaleads.com\/es\/","name":"MallorcaLeads","description":"Organizaci\u00f3n de eventos en Mallorca. Consultor\u00eda gratuita.","publisher":{"@id":"https:\/\/www.mallorcaleads.com\/es\/#organization"},"potentialAction":[{"@type":"SearchAction","target":{"@type":"EntryPoint","urlTemplate":"https:\/\/www.mallorcaleads.com\/es\/?s={search_term_string}"},"query-input":{"@type":"PropertyValueSpecification","valueRequired":true,"valueName":"search_term_string"}}],"inLanguage":"es"},{"@type":"Organization","@id":"https:\/\/www.mallorcaleads.com\/es\/#organization","name":"Mallorcaleads","url":"https:\/\/www.mallorcaleads.com\/es\/","logo":{"@type":"ImageObject","inLanguage":"es","@id":"https:\/\/www.mallorcaleads.com\/es\/#\/schema\/logo\/image\/","url":"https:\/\/www.mallorcaleads.com\/wp-content\/uploads\/2023\/12\/mallorcaleads-logo-negro.svg","contentUrl":"https:\/\/www.mallorcaleads.com\/wp-content\/uploads\/2023\/12\/mallorcaleads-logo-negro.svg","width":"1024","height":"1024","caption":"Mallorcaleads"},"image":{"@id":"https:\/\/www.mallorcaleads.com\/es\/#\/schema\/logo\/image\/"},"sameAs":["https:\/\/www.facebook.com\/mallorcaleads\/","https:\/\/www.instagram.com\/mallorcaleads\/","https:\/\/es.linkedin.com\/company\/mallorcaleads","https:\/\/www.youtube.com\/channel\/UCHsLT6PzPAiCSK8vEsAYoMg\/videos?sort=dd&shelf_id=0"]},{"@type":"Person","@id":"https:\/\/www.mallorcaleads.com\/es\/#\/schema\/person\/506e19bbccf358e672526d089c3827be","name":"rosunamleads"}]}},"_links":{"self":[{"href":"https:\/\/www.mallorcaleads.com\/es\/wp-json\/wp\/v2\/posts\/31343","targetHints":{"allow":["GET"]}}],"collection":[{"href":"https:\/\/www.mallorcaleads.com\/es\/wp-json\/wp\/v2\/posts"}],"about":[{"href":"https:\/\/www.mallorcaleads.com\/es\/wp-json\/wp\/v2\/types\/post"}],"author":[{"embeddable":true,"href":"https:\/\/www.mallorcaleads.com\/es\/wp-json\/wp\/v2\/users\/5"}],"replies":[{"embeddable":true,"href":"https:\/\/www.mallorcaleads.com\/es\/wp-json\/wp\/v2\/comments?post=31343"}],"version-history":[{"count":7,"href":"https:\/\/www.mallorcaleads.com\/es\/wp-json\/wp\/v2\/posts\/31343\/revisions"}],"predecessor-version":[{"id":31370,"href":"https:\/\/www.mallorcaleads.com\/es\/wp-json\/wp\/v2\/posts\/31343\/revisions\/31370"}],"wp:featuredmedia":[{"embeddable":true,"href":"https:\/\/www.mallorcaleads.com\/es\/wp-json\/wp\/v2\/media\/31346"}],"wp:attachment":[{"href":"https:\/\/www.mallorcaleads.com\/es\/wp-json\/wp\/v2\/media?parent=31343"}],"wp:term":[{"taxonomy":"category","embeddable":true,"href":"https:\/\/www.mallorcaleads.com\/es\/wp-json\/wp\/v2\/categories?post=31343"},{"taxonomy":"post_tag","embeddable":true,"href":"https:\/\/www.mallorcaleads.com\/es\/wp-json\/wp\/v2\/tags?post=31343"}],"curies":[{"name":"wp","href":"https:\/\/api.w.org\/{rel}","templated":true}]}}