{"id":14247,"date":"2021-08-20T09:16:58","date_gmt":"2021-08-20T09:16:58","guid":{"rendered":"https:\/\/mallorcaleads.eu\/?p=14247"},"modified":"2022-05-20T09:22:25","modified_gmt":"2022-05-20T09:22:25","slug":"business-lunch-edicion-especial-verano-en-katagi-blau","status":"publish","type":"post","link":"https:\/\/www.mallorcaleads.com\/es\/magazine\/eventos\/business-lunch-edicion-especial-verano-en-katagi-blau\/","title":{"rendered":"Business Lunch &#8211; Edici\u00f3n Especial Verano en Katagi Blau"},"content":{"rendered":"\t\t<div data-elementor-type=\"wp-post\" data-elementor-id=\"14247\" class=\"elementor elementor-14247\" data-elementor-post-type=\"post\">\n\t\t\t\t\t\t<section class=\"elementor-section elementor-top-section elementor-element elementor-element-1e99d7b8 elementor-section-boxed elementor-section-height-default elementor-section-height-default qodef-elementor-content-no\" data-id=\"1e99d7b8\" data-element_type=\"section\" data-e-type=\"section\">\n\t\t\t\t\t\t<div class=\"elementor-container elementor-column-gap-default\">\n\t\t\t\t\t<div class=\"elementor-column elementor-col-100 elementor-top-column elementor-element elementor-element-54175a30\" data-id=\"54175a30\" data-element_type=\"column\" data-e-type=\"column\">\n\t\t\t<div class=\"elementor-widget-wrap elementor-element-populated\">\n\t\t\t\t\t\t<div class=\"elementor-element elementor-element-586d1b1d textonegro elementor-widget elementor-widget-text-editor\" data-id=\"586d1b1d\" data-element_type=\"widget\" data-e-type=\"widget\" data-widget_type=\"text-editor.default\">\n\t\t\t\t<div class=\"elementor-widget-container\">\n\t\t\t\t\t\t\t\t\t<p>El viernes 20 de agosto, fue el d\u00eda elegido para la reactivaci\u00f3n de los Business Lunch organizados por la empresa MallorcaLeads entre sus partners. Un encuentro que desde MallorcaLeads y de la mano de su colaborador Iberostar, se organiz\u00f3 para celebrar la edici\u00f3n especial de verano de los almuerzos networking que peri\u00f3dicamente se han ido celebrando en su af\u00e1n de fomentar la colaboraci\u00f3n entre empresas que forman parte de MallorcaLeads.<\/p><p>En esta ocasi\u00f3n el evento tuvo lugar lugar en el restaurante Katagi Blau, ubicado en el rooftop del hotel <a href=\"https:\/\/www.mallorcaleads.com\/proveedores-mice\/iberostar-selection-llaut-palma\/\">Iberostar Selection Llaut Palma 5*<\/a>, en el que un total de 11 empresas del segmento MICE pudieron poner en com\u00fan y entablar sinergias profesionales los unos, con los otros.<\/p><p>Entre los profesionales que acudieron al evento en representaci\u00f3n de las entidades se encontraban: <a href=\"https:\/\/www.mallorcaleads.com\/proveedores-mice\/ajuntament-de-calvia\/\">Ajuntament de Calvi\u00e0<\/a>, <a href=\"https:\/\/www.mallorcaleads.com\/proveedores-mice\/hit-mallorca\/\">Hit Mallorca<\/a>, <a href=\"https:\/\/www.mallorcaleads.com\/proveedores-mice\/iberostar-selection-llaut-palma\/\">Iberostar Hotels<\/a>, LifeXperiencies, <a href=\"https:\/\/www.mallorcaleads.com\/proveedores-mice\/hotel-hospes-maricel-spa\/\">Maricel Hotel &amp; Spa<\/a>, MBS Events, <a href=\"https:\/\/www.mallorcaleads.com\/proveedores-mice\/pure-salt-port-adriano\/\">Pure Salt Port Adriano<\/a>, <a href=\"https:\/\/www.mallorcaleads.com\/proveedores-mice\/real-club-nautico-de-palma\/\">Real Club N\u00e1utico de Palma<\/a> y <a href=\"https:\/\/www.mallorcaleads.com\/proveedores-mice\/thb-el-cid\/\">THB El Cid<\/a>.<\/p><p>Durante el encuentro los asistentes pudieron conocer las magn\u00edficas instalaciones del hotel en una visita que realiz\u00f3 el director del <a href=\"https:\/\/www.mallorcaleads.com\/proveedores-mice\/iberostar-selection-llaut-palma\/\">Iberostar Selection Llaut Palma 5*<\/a>, Gustavo Guidobono. Este hotel a tan solo 15 minutos del centro de Palma, y a menos de 10 del aeropuerto cuenta con spa de 1.300 metros, jardines verticales interiores, sol\u00e1rium exclusivo, 190 habitaciones y un espacio para realizar eventos de 166 m2 con capacidad para 120 personas.<\/p><p>En su azotea se puede contemplar el Mediterr\u00e1neo desde una perspectiva \u00fanica en el Katagi Blau, un excelente restaurante de cocina de fusi\u00f3n asi\u00e1tica, donde los asistentes disfrutaron de la oferta gastron\u00f3mica y de unas incre\u00edbles vistas que van mejorando a medida que se va acercando el atardecer.<\/p>\t\t\t\t\t\t\t\t<\/div>\n\t\t\t\t<\/div>\n\t\t\t\t<div class=\"elementor-element elementor-element-10c1d1f elementor-arrows-position-inside elementor-pagination-position-outside elementor-widget elementor-widget-image-carousel\" data-id=\"10c1d1f\" data-element_type=\"widget\" data-e-type=\"widget\" data-settings=\"{&quot;slides_to_show&quot;:&quot;2&quot;,&quot;navigation&quot;:&quot;both&quot;,&quot;autoplay&quot;:&quot;yes&quot;,&quot;pause_on_hover&quot;:&quot;yes&quot;,&quot;pause_on_interaction&quot;:&quot;yes&quot;,&quot;autoplay_speed&quot;:5000,&quot;infinite&quot;:&quot;yes&quot;,&quot;speed&quot;:500}\" data-widget_type=\"image-carousel.default\">\n\t\t\t\t<div class=\"elementor-widget-container\">\n\t\t\t\t\t\t\t<div class=\"elementor-image-carousel-wrapper swiper\" role=\"region\" aria-roledescription=\"carousel\" aria-label=\"Carrusel de im\u00e1genes\" dir=\"ltr\">\n\t\t\t<div class=\"elementor-image-carousel swiper-wrapper swiper-image-stretch\" aria-live=\"off\">\n\t\t\t\t\t\t\t\t<div class=\"swiper-slide\" role=\"group\" aria-roledescription=\"slide\" aria-label=\"1 de 2\"><a data-elementor-open-lightbox=\"yes\" data-elementor-lightbox-slideshow=\"10c1d1f\" data-elementor-lightbox-title=\"Business-Lunch-Agosto-2021\" data-e-action-hash=\"#elementor-action%3Aaction%3Dlightbox%26settings%3DeyJpZCI6MTQyNTIsInVybCI6Imh0dHBzOlwvXC93d3cubWFsbG9yY2FsZWFkcy5jb21cL3dwLWNvbnRlbnRcL3VwbG9hZHNcLzIwMjFcLzA4XC9CdXNpbmVzcy1MdW5jaC1BZ29zdG8tMjAyMS5qcGciLCJzbGlkZXNob3ciOiIxMGMxZDFmIn0%3D\" href=\"https:\/\/www.mallorcaleads.com\/wp-content\/uploads\/2021\/08\/Business-Lunch-Agosto-2021.jpg\"><figure class=\"swiper-slide-inner\"><img decoding=\"async\" class=\"swiper-slide-image\" src=\"https:\/\/www.mallorcaleads.com\/wp-content\/uploads\/2021\/08\/Business-Lunch-Agosto-2021-650x650.jpg\" alt=\"Business-Lunch-Agosto-2021\" \/><\/figure><\/a><\/div><div class=\"swiper-slide\" role=\"group\" aria-roledescription=\"slide\" aria-label=\"2 de 2\"><a data-elementor-open-lightbox=\"yes\" data-elementor-lightbox-slideshow=\"10c1d1f\" data-elementor-lightbox-title=\"Business-Lunch-Agosto-2021-(2)\" data-e-action-hash=\"#elementor-action%3Aaction%3Dlightbox%26settings%3DeyJpZCI6MTQyNDksInVybCI6Imh0dHBzOlwvXC93d3cubWFsbG9yY2FsZWFkcy5jb21cL3dwLWNvbnRlbnRcL3VwbG9hZHNcLzIwMjFcLzA4XC9CdXNpbmVzcy1MdW5jaC1BZ29zdG8tMjAyMS0yLmpwZyIsInNsaWRlc2hvdyI6IjEwYzFkMWYifQ%3D%3D\" href=\"https:\/\/www.mallorcaleads.com\/wp-content\/uploads\/2021\/08\/Business-Lunch-Agosto-2021-2.jpg\"><figure class=\"swiper-slide-inner\"><img decoding=\"async\" class=\"swiper-slide-image\" src=\"https:\/\/www.mallorcaleads.com\/wp-content\/uploads\/2021\/08\/Business-Lunch-Agosto-2021-2-650x650.jpg\" alt=\"Business-Lunch-Agosto-2021-(2)\" \/><\/figure><\/a><\/div>\t\t\t<\/div>\n\t\t\t\t\t\t\t\t\t\t\t\t<div class=\"elementor-swiper-button elementor-swiper-button-prev\" role=\"button\" tabindex=\"0\">\n\t\t\t\t\t\t<i aria-hidden=\"true\" class=\"eicon-chevron-left\"><\/i>\t\t\t\t\t<\/div>\n\t\t\t\t\t<div class=\"elementor-swiper-button elementor-swiper-button-next\" role=\"button\" tabindex=\"0\">\n\t\t\t\t\t\t<i aria-hidden=\"true\" class=\"eicon-chevron-right\"><\/i>\t\t\t\t\t<\/div>\n\t\t\t\t\n\t\t\t\t\t\t\t\t\t<div class=\"swiper-pagination\"><\/div>\n\t\t\t\t\t\t\t\t\t<\/div>\n\t\t\t\t\t\t<\/div>\n\t\t\t\t<\/div>\n\t\t\t\t\t<\/div>\n\t\t<\/div>\n\t\t\t\t\t<\/div>\n\t\t<\/section>\n\t\t\t\t<\/div>\n\t\t","protected":false},"excerpt":{"rendered":"<p>MallorcaLeads organiza junto a Iberostar su Business Lunch \u2013 Edici\u00f3n Especial Verano en el restaurante Katagi Blue (Iberostar Selection Llaut Palma)<\/p>\n","protected":false},"author":1,"featured_media":14249,"comment_status":"open","ping_status":"open","sticky":false,"template":"","format":"standard","meta":{"_acf_changed":false,"inline_featured_image":false,"footnotes":""},"categories":[13,73],"tags":[],"class_list":["post-14247","post","type-post","status-publish","format-standard","has-post-thumbnail","hentry","category-eventos","category-networks"],"acf":[],"yoast_head":"<!-- This site is optimized with the Yoast SEO plugin v27.2 - https:\/\/yoast.com\/product\/yoast-seo-wordpress\/ -->\n<title>Business Lunch - Edici\u00f3n Especial Verano en Katagi Blau - MallorcaLeads<\/title>\n<meta name=\"robots\" content=\"index, follow, max-snippet:-1, max-image-preview:large, max-video-preview:-1\" \/>\n<link rel=\"canonical\" href=\"https:\/\/www.mallorcaleads.com\/es\/magazine\/eventos\/business-lunch-edicion-especial-verano-en-katagi-blau\/\" \/>\n<meta property=\"og:locale\" content=\"es_ES\" \/>\n<meta property=\"og:type\" content=\"article\" \/>\n<meta property=\"og:title\" content=\"Business Lunch - Edici\u00f3n Especial Verano en Katagi Blau - MallorcaLeads\" \/>\n<meta property=\"og:description\" content=\"MallorcaLeads organiza junto a Iberostar su Business Lunch \u2013 Edici\u00f3n Especial Verano en el restaurante Katagi Blue (Iberostar Selection Llaut Palma)\" \/>\n<meta property=\"og:url\" content=\"https:\/\/www.mallorcaleads.com\/es\/magazine\/eventos\/business-lunch-edicion-especial-verano-en-katagi-blau\/\" \/>\n<meta property=\"og:site_name\" content=\"MallorcaLeads\" \/>\n<meta property=\"article:publisher\" content=\"https:\/\/www.facebook.com\/mallorcaleads\/\" \/>\n<meta property=\"article:published_time\" content=\"2021-08-20T09:16:58+00:00\" \/>\n<meta property=\"article:modified_time\" content=\"2022-05-20T09:22:25+00:00\" \/>\n<meta property=\"og:image\" content=\"https:\/\/www.mallorcaleads.com\/wp-content\/uploads\/2021\/08\/Business-Lunch-Agosto-2021-2.jpg\" \/>\n\t<meta property=\"og:image:width\" content=\"1200\" \/>\n\t<meta property=\"og:image:height\" content=\"675\" \/>\n\t<meta property=\"og:image:type\" content=\"image\/jpeg\" \/>\n<meta name=\"author\" content=\"adminsom2\" \/>\n<meta name=\"twitter:card\" content=\"summary_large_image\" \/>\n<meta name=\"twitter:label1\" content=\"Escrito por\" \/>\n\t<meta name=\"twitter:data1\" content=\"adminsom2\" \/>\n\t<meta name=\"twitter:label2\" content=\"Tiempo de lectura\" \/>\n\t<meta name=\"twitter:data2\" content=\"3 minutos\" \/>\n<script type=\"application\/ld+json\" class=\"yoast-schema-graph\">{\"@context\":\"https:\/\/schema.org\",\"@graph\":[{\"@type\":\"Article\",\"@id\":\"https:\/\/www.mallorcaleads.com\/es\/magazine\/eventos\/business-lunch-edicion-especial-verano-en-katagi-blau\/#article\",\"isPartOf\":{\"@id\":\"https:\/\/www.mallorcaleads.com\/es\/magazine\/eventos\/business-lunch-edicion-especial-verano-en-katagi-blau\/\"},\"author\":{\"name\":\"adminsom2\",\"@id\":\"https:\/\/www.mallorcaleads.com\/es\/#\/schema\/person\/48a41a2ea5c1cbcdb04030a08912fbd8\"},\"headline\":\"Business Lunch &#8211; Edici\u00f3n Especial Verano en Katagi Blau\",\"datePublished\":\"2021-08-20T09:16:58+00:00\",\"dateModified\":\"2022-05-20T09:22:25+00:00\",\"mainEntityOfPage\":{\"@id\":\"https:\/\/www.mallorcaleads.com\/es\/magazine\/eventos\/business-lunch-edicion-especial-verano-en-katagi-blau\/\"},\"wordCount\":298,\"commentCount\":0,\"publisher\":{\"@id\":\"https:\/\/www.mallorcaleads.com\/es\/#organization\"},\"image\":{\"@id\":\"https:\/\/www.mallorcaleads.com\/es\/magazine\/eventos\/business-lunch-edicion-especial-verano-en-katagi-blau\/#primaryimage\"},\"thumbnailUrl\":\"https:\/\/www.mallorcaleads.com\/wp-content\/uploads\/2021\/08\/Business-Lunch-Agosto-2021-2.jpg\",\"articleSection\":[\"Eventos\",\"Networks\"],\"inLanguage\":\"es\",\"potentialAction\":[{\"@type\":\"CommentAction\",\"name\":\"Comment\",\"target\":[\"https:\/\/www.mallorcaleads.com\/es\/magazine\/eventos\/business-lunch-edicion-especial-verano-en-katagi-blau\/#respond\"]}]},{\"@type\":\"WebPage\",\"@id\":\"https:\/\/www.mallorcaleads.com\/es\/magazine\/eventos\/business-lunch-edicion-especial-verano-en-katagi-blau\/\",\"url\":\"https:\/\/www.mallorcaleads.com\/es\/magazine\/eventos\/business-lunch-edicion-especial-verano-en-katagi-blau\/\",\"name\":\"Business Lunch - Edici\u00f3n Especial Verano en Katagi Blau - MallorcaLeads\",\"isPartOf\":{\"@id\":\"https:\/\/www.mallorcaleads.com\/es\/#website\"},\"primaryImageOfPage\":{\"@id\":\"https:\/\/www.mallorcaleads.com\/es\/magazine\/eventos\/business-lunch-edicion-especial-verano-en-katagi-blau\/#primaryimage\"},\"image\":{\"@id\":\"https:\/\/www.mallorcaleads.com\/es\/magazine\/eventos\/business-lunch-edicion-especial-verano-en-katagi-blau\/#primaryimage\"},\"thumbnailUrl\":\"https:\/\/www.mallorcaleads.com\/wp-content\/uploads\/2021\/08\/Business-Lunch-Agosto-2021-2.jpg\",\"datePublished\":\"2021-08-20T09:16:58+00:00\",\"dateModified\":\"2022-05-20T09:22:25+00:00\",\"breadcrumb\":{\"@id\":\"https:\/\/www.mallorcaleads.com\/es\/magazine\/eventos\/business-lunch-edicion-especial-verano-en-katagi-blau\/#breadcrumb\"},\"inLanguage\":\"es\",\"potentialAction\":[{\"@type\":\"ReadAction\",\"target\":[\"https:\/\/www.mallorcaleads.com\/es\/magazine\/eventos\/business-lunch-edicion-especial-verano-en-katagi-blau\/\"]}]},{\"@type\":\"ImageObject\",\"inLanguage\":\"es\",\"@id\":\"https:\/\/www.mallorcaleads.com\/es\/magazine\/eventos\/business-lunch-edicion-especial-verano-en-katagi-blau\/#primaryimage\",\"url\":\"https:\/\/www.mallorcaleads.com\/wp-content\/uploads\/2021\/08\/Business-Lunch-Agosto-2021-2.jpg\",\"contentUrl\":\"https:\/\/www.mallorcaleads.com\/wp-content\/uploads\/2021\/08\/Business-Lunch-Agosto-2021-2.jpg\",\"width\":1200,\"height\":675},{\"@type\":\"BreadcrumbList\",\"@id\":\"https:\/\/www.mallorcaleads.com\/es\/magazine\/eventos\/business-lunch-edicion-especial-verano-en-katagi-blau\/#breadcrumb\",\"itemListElement\":[{\"@type\":\"ListItem\",\"position\":1,\"name\":\"Portada\",\"item\":\"https:\/\/www.mallorcaleads.com\/es\/\"},{\"@type\":\"ListItem\",\"position\":2,\"name\":\"Business Lunch &#8211; Edici\u00f3n Especial Verano en Katagi Blau\"}]},{\"@type\":\"WebSite\",\"@id\":\"https:\/\/www.mallorcaleads.com\/es\/#website\",\"url\":\"https:\/\/www.mallorcaleads.com\/es\/\",\"name\":\"MallorcaLeads\",\"description\":\"Organizaci\u00f3n de eventos en Mallorca. Consultor\u00eda gratuita.\",\"publisher\":{\"@id\":\"https:\/\/www.mallorcaleads.com\/es\/#organization\"},\"potentialAction\":[{\"@type\":\"SearchAction\",\"target\":{\"@type\":\"EntryPoint\",\"urlTemplate\":\"https:\/\/www.mallorcaleads.com\/es\/?s={search_term_string}\"},\"query-input\":{\"@type\":\"PropertyValueSpecification\",\"valueRequired\":true,\"valueName\":\"search_term_string\"}}],\"inLanguage\":\"es\"},{\"@type\":\"Organization\",\"@id\":\"https:\/\/www.mallorcaleads.com\/es\/#organization\",\"name\":\"Mallorcaleads\",\"url\":\"https:\/\/www.mallorcaleads.com\/es\/\",\"logo\":{\"@type\":\"ImageObject\",\"inLanguage\":\"es\",\"@id\":\"https:\/\/www.mallorcaleads.com\/es\/#\/schema\/logo\/image\/\",\"url\":\"https:\/\/www.mallorcaleads.com\/wp-content\/uploads\/2023\/12\/mallorcaleads-logo-negro.svg\",\"contentUrl\":\"https:\/\/www.mallorcaleads.com\/wp-content\/uploads\/2023\/12\/mallorcaleads-logo-negro.svg\",\"width\":\"1024\",\"height\":\"1024\",\"caption\":\"Mallorcaleads\"},\"image\":{\"@id\":\"https:\/\/www.mallorcaleads.com\/es\/#\/schema\/logo\/image\/\"},\"sameAs\":[\"https:\/\/www.facebook.com\/mallorcaleads\/\",\"https:\/\/www.instagram.com\/mallorcaleads\/\",\"https:\/\/es.linkedin.com\/company\/mallorcaleads\",\"https:\/\/www.youtube.com\/channel\/UCHsLT6PzPAiCSK8vEsAYoMg\/videos?sort=dd&shelf_id=0\"]},{\"@type\":\"Person\",\"@id\":\"https:\/\/www.mallorcaleads.com\/es\/#\/schema\/person\/48a41a2ea5c1cbcdb04030a08912fbd8\",\"name\":\"adminsom2\",\"sameAs\":[\"https:\/\/www.mallorcaleads.com\"]}]}<\/script>\n<!-- \/ Yoast SEO plugin. -->","yoast_head_json":{"title":"Business Lunch - Edici\u00f3n Especial Verano en Katagi Blau - MallorcaLeads","robots":{"index":"index","follow":"follow","max-snippet":"max-snippet:-1","max-image-preview":"max-image-preview:large","max-video-preview":"max-video-preview:-1"},"canonical":"https:\/\/www.mallorcaleads.com\/es\/magazine\/eventos\/business-lunch-edicion-especial-verano-en-katagi-blau\/","og_locale":"es_ES","og_type":"article","og_title":"Business Lunch - Edici\u00f3n Especial Verano en Katagi Blau - MallorcaLeads","og_description":"MallorcaLeads organiza junto a Iberostar su Business Lunch \u2013 Edici\u00f3n Especial Verano en el restaurante Katagi Blue (Iberostar Selection Llaut Palma)","og_url":"https:\/\/www.mallorcaleads.com\/es\/magazine\/eventos\/business-lunch-edicion-especial-verano-en-katagi-blau\/","og_site_name":"MallorcaLeads","article_publisher":"https:\/\/www.facebook.com\/mallorcaleads\/","article_published_time":"2021-08-20T09:16:58+00:00","article_modified_time":"2022-05-20T09:22:25+00:00","og_image":[{"width":1200,"height":675,"url":"https:\/\/www.mallorcaleads.com\/wp-content\/uploads\/2021\/08\/Business-Lunch-Agosto-2021-2.jpg","type":"image\/jpeg"}],"author":"adminsom2","twitter_card":"summary_large_image","twitter_misc":{"Escrito por":"adminsom2","Tiempo de lectura":"3 minutos"},"schema":{"@context":"https:\/\/schema.org","@graph":[{"@type":"Article","@id":"https:\/\/www.mallorcaleads.com\/es\/magazine\/eventos\/business-lunch-edicion-especial-verano-en-katagi-blau\/#article","isPartOf":{"@id":"https:\/\/www.mallorcaleads.com\/es\/magazine\/eventos\/business-lunch-edicion-especial-verano-en-katagi-blau\/"},"author":{"name":"adminsom2","@id":"https:\/\/www.mallorcaleads.com\/es\/#\/schema\/person\/48a41a2ea5c1cbcdb04030a08912fbd8"},"headline":"Business Lunch &#8211; Edici\u00f3n Especial Verano en Katagi Blau","datePublished":"2021-08-20T09:16:58+00:00","dateModified":"2022-05-20T09:22:25+00:00","mainEntityOfPage":{"@id":"https:\/\/www.mallorcaleads.com\/es\/magazine\/eventos\/business-lunch-edicion-especial-verano-en-katagi-blau\/"},"wordCount":298,"commentCount":0,"publisher":{"@id":"https:\/\/www.mallorcaleads.com\/es\/#organization"},"image":{"@id":"https:\/\/www.mallorcaleads.com\/es\/magazine\/eventos\/business-lunch-edicion-especial-verano-en-katagi-blau\/#primaryimage"},"thumbnailUrl":"https:\/\/www.mallorcaleads.com\/wp-content\/uploads\/2021\/08\/Business-Lunch-Agosto-2021-2.jpg","articleSection":["Eventos","Networks"],"inLanguage":"es","potentialAction":[{"@type":"CommentAction","name":"Comment","target":["https:\/\/www.mallorcaleads.com\/es\/magazine\/eventos\/business-lunch-edicion-especial-verano-en-katagi-blau\/#respond"]}]},{"@type":"WebPage","@id":"https:\/\/www.mallorcaleads.com\/es\/magazine\/eventos\/business-lunch-edicion-especial-verano-en-katagi-blau\/","url":"https:\/\/www.mallorcaleads.com\/es\/magazine\/eventos\/business-lunch-edicion-especial-verano-en-katagi-blau\/","name":"Business Lunch - Edici\u00f3n Especial Verano en Katagi Blau - MallorcaLeads","isPartOf":{"@id":"https:\/\/www.mallorcaleads.com\/es\/#website"},"primaryImageOfPage":{"@id":"https:\/\/www.mallorcaleads.com\/es\/magazine\/eventos\/business-lunch-edicion-especial-verano-en-katagi-blau\/#primaryimage"},"image":{"@id":"https:\/\/www.mallorcaleads.com\/es\/magazine\/eventos\/business-lunch-edicion-especial-verano-en-katagi-blau\/#primaryimage"},"thumbnailUrl":"https:\/\/www.mallorcaleads.com\/wp-content\/uploads\/2021\/08\/Business-Lunch-Agosto-2021-2.jpg","datePublished":"2021-08-20T09:16:58+00:00","dateModified":"2022-05-20T09:22:25+00:00","breadcrumb":{"@id":"https:\/\/www.mallorcaleads.com\/es\/magazine\/eventos\/business-lunch-edicion-especial-verano-en-katagi-blau\/#breadcrumb"},"inLanguage":"es","potentialAction":[{"@type":"ReadAction","target":["https:\/\/www.mallorcaleads.com\/es\/magazine\/eventos\/business-lunch-edicion-especial-verano-en-katagi-blau\/"]}]},{"@type":"ImageObject","inLanguage":"es","@id":"https:\/\/www.mallorcaleads.com\/es\/magazine\/eventos\/business-lunch-edicion-especial-verano-en-katagi-blau\/#primaryimage","url":"https:\/\/www.mallorcaleads.com\/wp-content\/uploads\/2021\/08\/Business-Lunch-Agosto-2021-2.jpg","contentUrl":"https:\/\/www.mallorcaleads.com\/wp-content\/uploads\/2021\/08\/Business-Lunch-Agosto-2021-2.jpg","width":1200,"height":675},{"@type":"BreadcrumbList","@id":"https:\/\/www.mallorcaleads.com\/es\/magazine\/eventos\/business-lunch-edicion-especial-verano-en-katagi-blau\/#breadcrumb","itemListElement":[{"@type":"ListItem","position":1,"name":"Portada","item":"https:\/\/www.mallorcaleads.com\/es\/"},{"@type":"ListItem","position":2,"name":"Business Lunch &#8211; Edici\u00f3n Especial Verano en Katagi Blau"}]},{"@type":"WebSite","@id":"https:\/\/www.mallorcaleads.com\/es\/#website","url":"https:\/\/www.mallorcaleads.com\/es\/","name":"MallorcaLeads","description":"Organizaci\u00f3n de eventos en Mallorca. Consultor\u00eda gratuita.","publisher":{"@id":"https:\/\/www.mallorcaleads.com\/es\/#organization"},"potentialAction":[{"@type":"SearchAction","target":{"@type":"EntryPoint","urlTemplate":"https:\/\/www.mallorcaleads.com\/es\/?s={search_term_string}"},"query-input":{"@type":"PropertyValueSpecification","valueRequired":true,"valueName":"search_term_string"}}],"inLanguage":"es"},{"@type":"Organization","@id":"https:\/\/www.mallorcaleads.com\/es\/#organization","name":"Mallorcaleads","url":"https:\/\/www.mallorcaleads.com\/es\/","logo":{"@type":"ImageObject","inLanguage":"es","@id":"https:\/\/www.mallorcaleads.com\/es\/#\/schema\/logo\/image\/","url":"https:\/\/www.mallorcaleads.com\/wp-content\/uploads\/2023\/12\/mallorcaleads-logo-negro.svg","contentUrl":"https:\/\/www.mallorcaleads.com\/wp-content\/uploads\/2023\/12\/mallorcaleads-logo-negro.svg","width":"1024","height":"1024","caption":"Mallorcaleads"},"image":{"@id":"https:\/\/www.mallorcaleads.com\/es\/#\/schema\/logo\/image\/"},"sameAs":["https:\/\/www.facebook.com\/mallorcaleads\/","https:\/\/www.instagram.com\/mallorcaleads\/","https:\/\/es.linkedin.com\/company\/mallorcaleads","https:\/\/www.youtube.com\/channel\/UCHsLT6PzPAiCSK8vEsAYoMg\/videos?sort=dd&shelf_id=0"]},{"@type":"Person","@id":"https:\/\/www.mallorcaleads.com\/es\/#\/schema\/person\/48a41a2ea5c1cbcdb04030a08912fbd8","name":"adminsom2","sameAs":["https:\/\/www.mallorcaleads.com"]}]}},"_links":{"self":[{"href":"https:\/\/www.mallorcaleads.com\/es\/wp-json\/wp\/v2\/posts\/14247","targetHints":{"allow":["GET"]}}],"collection":[{"href":"https:\/\/www.mallorcaleads.com\/es\/wp-json\/wp\/v2\/posts"}],"about":[{"href":"https:\/\/www.mallorcaleads.com\/es\/wp-json\/wp\/v2\/types\/post"}],"author":[{"embeddable":true,"href":"https:\/\/www.mallorcaleads.com\/es\/wp-json\/wp\/v2\/users\/1"}],"replies":[{"embeddable":true,"href":"https:\/\/www.mallorcaleads.com\/es\/wp-json\/wp\/v2\/comments?post=14247"}],"version-history":[{"count":0,"href":"https:\/\/www.mallorcaleads.com\/es\/wp-json\/wp\/v2\/posts\/14247\/revisions"}],"wp:featuredmedia":[{"embeddable":true,"href":"https:\/\/www.mallorcaleads.com\/es\/wp-json\/wp\/v2\/media\/14249"}],"wp:attachment":[{"href":"https:\/\/www.mallorcaleads.com\/es\/wp-json\/wp\/v2\/media?parent=14247"}],"wp:term":[{"taxonomy":"category","embeddable":true,"href":"https:\/\/www.mallorcaleads.com\/es\/wp-json\/wp\/v2\/categories?post=14247"},{"taxonomy":"post_tag","embeddable":true,"href":"https:\/\/www.mallorcaleads.com\/es\/wp-json\/wp\/v2\/tags?post=14247"}],"curies":[{"name":"wp","href":"https:\/\/api.w.org\/{rel}","templated":true}]}}