{"id":31344,"date":"2024-08-05T08:39:11","date_gmt":"2024-08-05T08:39:11","guid":{"rendered":"https:\/\/www.mallorcaleads.com\/?p=31344"},"modified":"2024-08-06T10:03:34","modified_gmt":"2024-08-06T10:03:34","slug":"rooms-for-events-in-hotels-in-mallorca","status":"publish","type":"post","link":"https:\/\/www.mallorcaleads.com\/en\/magazine\/mallorca-en\/rooms-for-events-in-hotels-in-mallorca\/","title":{"rendered":"Hotels with rooms for corporate events in Mallorca"},"content":{"rendered":"\t\t<div data-elementor-type=\"wp-post\" data-elementor-id=\"31344\" class=\"elementor elementor-31344 elementor-31343\" data-elementor-post-type=\"post\">\n\t\t\t\t\t\t<section class=\"elementor-section elementor-top-section elementor-element elementor-element-d586811 elementor-section-boxed elementor-section-height-default elementor-section-height-default qodef-elementor-content-no\" data-id=\"d586811\" data-element_type=\"section\" data-e-type=\"section\">\n\t\t\t\t\t\t<div class=\"elementor-container elementor-column-gap-default\">\n\t\t\t\t\t<div class=\"elementor-column elementor-col-100 elementor-top-column elementor-element elementor-element-586a758\" data-id=\"586a758\" data-element_type=\"column\" data-e-type=\"column\">\n\t\t\t<div class=\"elementor-widget-wrap elementor-element-populated\">\n\t\t\t\t\t\t<div class=\"elementor-element elementor-element-2788946 elementor-widget elementor-widget-text-editor\" data-id=\"2788946\" data-element_type=\"widget\" data-e-type=\"widget\" data-widget_type=\"text-editor.default\">\n\t\t\t\t<div class=\"elementor-widget-container\">\n\t\t\t\t\t\t\t\t\t<p style=\"text-align: left;\"><span style=\"font-weight: 400;\">In Mallorca, corporate event planning reaches its peak thanks to a variety of <a href=\"https:\/\/www.mallorcaleads.com\/en\/categories\/hotels\/\">hotels <\/a>that offer luxurious accommodations<\/span> <i><span style=\"font-weight: 400;\">and ideal facilities for conferences, meetings, and business events.<\/span><\/i><span style=\"font-weight: 400;\">.<br \/>\nEntre los hoteles destacados se encuentran:   <\/span><b>JS Palma Stay, Protur Naisa Palma, Pure Salt Garonda, THB El Cid, Zafiro Palace Hotel Alcudia and Zafiro Palace Hotel Andratx.<\/b><\/p>\n<h3 style=\"text-align: center;\"><b>Why Choosing the Right Venue Is Important<\/b><\/h3>\n<ol>\n<li style=\"text-align: left;\"><b>Professional Environment and Functionality:<\/b><span style=\"font-weight: 400;\"><span style=\"font-weight: 400;\"> Event spaces in these hotels are well-equipped with state-of-the-art audiovisual technology and offer a professional setting that helps create a positive impression on participants and collaborators. From furniture layout to lighting and acoustics, every detail is meticulously planned to ensure the event runs smoothly. <\/span><\/span> <\/li>\n<li style=\"text-align: left;\"><b>Adaptability and Versatility:<\/b><span style=\"font-weight: 400;\"><span style=\"font-weight: 400;\"> These venues can be configured to various setups depending on the event\u2019s needs, whether it be theatre style, boardroom setup, U-shape, or any other required arrangement. This allows organisers to customise the space according to the type of meeting or conference planned. <\/span><\/span> <\/li>\n<li style=\"text-align: left;\"><b>Technology and Services:<\/b><span style=\"font-weight: 400;\"><span style=\"font-weight: 400;\"> Venues must be equipped with next-generation technology, including projection systems, high-definition screens, high-speed WiFi, and advanced sound systems. Additionally, the availability of specialised catering, technical support, and logistical assistance is crucial to ensure the event&#8217;s comfort and success. <\/span><\/span> <\/li>\n<li style=\"text-align: left;\"> <b>Strategic Location:<\/b> <span style=\"font-weight: 400;\"><span style=\"font-weight: 400;\">Hotels in Mallorca, located close to airports, business centres, and tourist attractions, facilitate participants\u2019 arrival and efficiently combine work activities with leisure and relaxation options.<\/span><\/span> <\/li>\n<li style=\"text-align: left;\"><b>Impact on Event Experience:<\/b><span style=\"font-weight: 400;\"> The correct choice of venue not only affects the event\u2019s logistics but also the overall experience of attendees. A well-selected venue helps create an inspiring and comfortable environment that enhances productivity and participant satisfaction. <\/span><\/li>\n<\/ol>\n<h3 style=\"text-align: center;\"><b>Hotels in Mallorca for Corporate Events<\/b><\/h3>\n<p style=\"text-align: left;\"><a href=\"https:\/\/www.mallorcaleads.com\/en\/mice-suppliers\/js-palma-stay-2\/\"><b>JS Palma Stay<\/b><\/a><span style=\"font-weight: 400;\"> offers a sophisticated environment for business meetings. Its modern meeting rooms have cutting-edge audiovisual technology, ensuring an ideal setting for conferences and presentations. Additionally, it enhances customer experience with a zen space featuring a relaxation pool, jacuzzi, sauna, Turkish bath, sensation showers, and ice bath.  <\/span><\/p>\n<p><img fetchpriority=\"high\" decoding=\"async\" class=\"size-medium wp-image-31359 aligncenter\" src=\"https:\/\/www.mallorcaleads.com\/wp-content\/uploads\/2024\/08\/salas-para-eventos-en-hoteles-de-mallorca-js-palma-stay-300x300.jpg\" alt=\"\" width=\"300\" height=\"300\" srcset=\"https:\/\/www.mallorcaleads.com\/wp-content\/uploads\/2024\/08\/salas-para-eventos-en-hoteles-de-mallorca-js-palma-stay-300x300.jpg 300w, https:\/\/www.mallorcaleads.com\/wp-content\/uploads\/2024\/08\/salas-para-eventos-en-hoteles-de-mallorca-js-palma-stay-150x150.jpg 150w, https:\/\/www.mallorcaleads.com\/wp-content\/uploads\/2024\/08\/salas-para-eventos-en-hoteles-de-mallorca-js-palma-stay.jpg 650w\" sizes=\"(max-width: 300px) 100vw, 300px\" \/><\/p>\n<hr style=\"border-top: 1px solid #C7BC7F;\">\n<p style=\"text-align: left;\"><a href=\"https:\/\/www.mallorcaleads.com\/en\/mice-suppliers\/protur-naisa-palma-2\/\"><b>Protur Naisa Palma<\/b><\/a><span style=\"font-weight: 400;\"> is known for its extensive facilities, including modular rooms perfect for events of different sizes. Its city centre location makes it a convenient choice for business events in Mallorca. <\/span><\/p>\n<p><img decoding=\"async\" class=\"size-medium wp-image-31357 aligncenter\" src=\"https:\/\/www.mallorcaleads.com\/wp-content\/uploads\/2024\/08\/salas-para-eventos-en-hoteles-de-mallorca-protur-naisa-palma-300x300.jpg\" alt=\"\" width=\"300\" height=\"300\" srcset=\"https:\/\/www.mallorcaleads.com\/wp-content\/uploads\/2024\/08\/salas-para-eventos-en-hoteles-de-mallorca-protur-naisa-palma-300x300.jpg 300w, https:\/\/www.mallorcaleads.com\/wp-content\/uploads\/2024\/08\/salas-para-eventos-en-hoteles-de-mallorca-protur-naisa-palma-150x150.jpg 150w, https:\/\/www.mallorcaleads.com\/wp-content\/uploads\/2024\/08\/salas-para-eventos-en-hoteles-de-mallorca-protur-naisa-palma.jpg 650w\" sizes=\"(max-width: 300px) 100vw, 300px\" \/><\/p>\n<hr style=\"border-top: 1px solid #C7BC7F;\">\n<p style=\"text-align: left;\"><a href=\"https:\/\/www.mallorcaleads.com\/en\/mice-suppliers\/pure-salt-garonda-2\/\"><b>Pure Salt Garonda<\/b><\/a><span style=\"font-weight: 400;\">, situated on the beachfront in Playa de Palma, with stunning views of the Mediterranean, combines luxury and functionality with its event spaces and high-quality catering services.<\/p>\n<p><img decoding=\"async\" class=\"size-medium wp-image-31349 aligncenter\" src=\"https:\/\/www.mallorcaleads.com\/wp-content\/uploads\/2024\/08\/salas-para-eventos-en-hoteles-de-mallorca-pure-salt-garonda-300x300.jpg\" alt=\"\" width=\"300\" height=\"300\" srcset=\"https:\/\/www.mallorcaleads.com\/wp-content\/uploads\/2024\/08\/salas-para-eventos-en-hoteles-de-mallorca-pure-salt-garonda-300x300.jpg 300w, https:\/\/www.mallorcaleads.com\/wp-content\/uploads\/2024\/08\/salas-para-eventos-en-hoteles-de-mallorca-pure-salt-garonda-150x150.jpg 150w, https:\/\/www.mallorcaleads.com\/wp-content\/uploads\/2024\/08\/salas-para-eventos-en-hoteles-de-mallorca-pure-salt-garonda.jpg 650w\" sizes=\"(max-width: 300px) 100vw, 300px\" \/><br \/><\/span><\/p>\n<hr style=\"border-top: 1px solid #C7BC7F;\">\n<p style=\"text-align: left;\"><a href=\"https:\/\/www.mallorcaleads.com\/en\/mice-suppliers\/thb-el-cid-2\/\"><b>THB El Cid <\/b><\/a><span style=\"font-weight: 400;\">provides an elegant and professional setting on the beachfront in Playa de Palma. It is ideal for conferences and business events. The hotel&#8217;s conference room is equipped with everything necessary to ensure the success of any business meeting. <\/p>\n<p><img loading=\"lazy\" decoding=\"async\" class=\"size-medium wp-image-31351 aligncenter\" src=\"https:\/\/www.mallorcaleads.com\/wp-content\/uploads\/2024\/08\/salas-para-eventos-en-hoteles-de-mallorca-thb-el-cid-300x300.jpg\" alt=\"\" width=\"300\" height=\"300\" srcset=\"https:\/\/www.mallorcaleads.com\/wp-content\/uploads\/2024\/08\/salas-para-eventos-en-hoteles-de-mallorca-thb-el-cid-300x300.jpg 300w, https:\/\/www.mallorcaleads.com\/wp-content\/uploads\/2024\/08\/salas-para-eventos-en-hoteles-de-mallorca-thb-el-cid-150x150.jpg 150w, https:\/\/www.mallorcaleads.com\/wp-content\/uploads\/2024\/08\/salas-para-eventos-en-hoteles-de-mallorca-thb-el-cid.jpg 650w\" sizes=\"(max-width: 300px) 100vw, 300px\" \/><br \/><\/span><\/p>\n<hr style=\"border-top: 1px solid #C7BC7F;\">\n<p style=\"text-align: left;\"><b><a href=\"https:\/\/www.mallorcaleads.com\/en\/mice-suppliers\/zafiro-palace-alcudia-2\/\">Zafiro Palace Hotel Alcudia<\/a> and <a href=\"https:\/\/www.mallorcaleads.com\/en\/mice-suppliers\/zafiro-palace-andratx-2\/\">Zafiro Palace Hotel Andratx<\/a>, <\/b><span style=\"font-weight: 400;\">are renowned for their world-class facilities suitable for any type <\/span><i><span style=\"font-weight: 400;\">of corporate event, from small meetings to large conferences.<\/span><\/i> These hotels offer versatile spaces and high-end services such as advanced event technology, personalised catering, and a dedicated event planning team.<span style=\"font-weight: 400;\">.<br \/>\nEstos hoteles no solo ofrecen espacios vers\u00e1tiles, sino tambi\u00e9n servicios de alta gama como tecnolog\u00eda avanzada para eventos, catering personalizado y un equipo dedicado a la planificaci\u00f3n de eventos. <\/span><\/p>\n<p style=\"text-align: left;\"><span style=\"font-weight: 400;\">Selecting the right hotel venue for corporate events in Mallorca should not be underestimated. The environment and facilities play a fundamental role in the success of any business event.  <\/p>\n<p><\/span><img loading=\"lazy\" decoding=\"async\" class=\"size-medium wp-image-31353 aligncenter\" src=\"https:\/\/www.mallorcaleads.com\/wp-content\/uploads\/2024\/08\/salas-para-eventos-en-hoteles-de-mallorca-zafiro-palace-hotel-alcudia-300x300.jpg\" alt=\"\" width=\"300\" height=\"300\" srcset=\"https:\/\/www.mallorcaleads.com\/wp-content\/uploads\/2024\/08\/salas-para-eventos-en-hoteles-de-mallorca-zafiro-palace-hotel-alcudia-300x300.jpg 300w, https:\/\/www.mallorcaleads.com\/wp-content\/uploads\/2024\/08\/salas-para-eventos-en-hoteles-de-mallorca-zafiro-palace-hotel-alcudia-150x150.jpg 150w, https:\/\/www.mallorcaleads.com\/wp-content\/uploads\/2024\/08\/salas-para-eventos-en-hoteles-de-mallorca-zafiro-palace-hotel-alcudia.jpg 650w\" sizes=\"(max-width: 300px) 100vw, 300px\" \/><\/p>\n<p style=\"text-align: left;\"><span style=\"font-weight: 400;\">Regardless of the event format\u2014whether it is a conference, business meeting, or gala event\u2014it is crucial to have a space that not only meets technical requirements but also creates an environment conducive to interaction and the development of business relationships.<\/span><\/p>\n<p><img loading=\"lazy\" decoding=\"async\" class=\"size-medium wp-image-31355 aligncenter\" src=\"https:\/\/www.mallorcaleads.com\/wp-content\/uploads\/2024\/08\/salas-para-eventos-en-hoteles-de-mallorca-zafiro-palace-hotel-andratx-300x300.jpg\" alt=\"\" width=\"300\" height=\"300\" srcset=\"https:\/\/www.mallorcaleads.com\/wp-content\/uploads\/2024\/08\/salas-para-eventos-en-hoteles-de-mallorca-zafiro-palace-hotel-andratx-300x300.jpg 300w, https:\/\/www.mallorcaleads.com\/wp-content\/uploads\/2024\/08\/salas-para-eventos-en-hoteles-de-mallorca-zafiro-palace-hotel-andratx-150x150.jpg 150w, https:\/\/www.mallorcaleads.com\/wp-content\/uploads\/2024\/08\/salas-para-eventos-en-hoteles-de-mallorca-zafiro-palace-hotel-andratx.jpg 650w\" sizes=\"(max-width: 300px) 100vw, 300px\" \/><\/p>\n\t\t\t\t\t\t\t\t<\/div>\n\t\t\t\t<\/div>\n\t\t\t\t\t<\/div>\n\t\t<\/div>\n\t\t\t\t\t<\/div>\n\t\t<\/section>\n\t\t\t\t<\/div>\n\t\t","protected":false},"excerpt":{"rendered":"<p>In Mallorca, corporate event planning reaches its peak thanks to a variety of hotels that offer luxurious accommodations and ideal facilities for conferences, meetings, and business events.. Entre los hoteles [&hellip;]<\/p>\n","protected":false},"author":5,"featured_media":31347,"comment_status":"closed","ping_status":"closed","sticky":false,"template":"","format":"standard","meta":{"_acf_changed":false,"inline_featured_image":false,"footnotes":""},"categories":[74,104,108],"tags":[],"class_list":["post-31344","post","type-post","status-publish","format-standard","has-post-thumbnail","hentry","category-events","category-mallorca-en","category-trends"],"acf":[],"yoast_head":"<!-- This site is optimized with the Yoast SEO plugin v27.2 - https:\/\/yoast.com\/product\/yoast-seo-wordpress\/ -->\n<title>Rooms for events in hotels in Mallorca - MallorcaLeads<\/title>\n<meta name=\"description\" content=\"The Best Event Venues in Mallorca Hotels: Quality Spaces and Services for Conferences and Business Meetings in a Unique Setting. Discover Them Now!\" \/>\n<meta name=\"robots\" content=\"index, follow, max-snippet:-1, max-image-preview:large, max-video-preview:-1\" \/>\n<link rel=\"canonical\" href=\"https:\/\/www.mallorcaleads.com\/en\/magazine\/mallorca-en\/rooms-for-events-in-hotels-in-mallorca\/\" \/>\n<meta property=\"og:locale\" content=\"en_US\" \/>\n<meta property=\"og:type\" content=\"article\" \/>\n<meta property=\"og:title\" content=\"Rooms for events in hotels in Mallorca - MallorcaLeads\" \/>\n<meta property=\"og:description\" content=\"The Best Event Venues in Mallorca Hotels: Quality Spaces and Services for Conferences and Business Meetings in a Unique Setting. Discover Them Now!\" \/>\n<meta property=\"og:url\" content=\"https:\/\/www.mallorcaleads.com\/en\/magazine\/mallorca-en\/rooms-for-events-in-hotels-in-mallorca\/\" \/>\n<meta property=\"og:site_name\" content=\"MallorcaLeads\" \/>\n<meta property=\"article:publisher\" content=\"https:\/\/www.facebook.com\/mallorcaleads\/\" \/>\n<meta property=\"article:published_time\" content=\"2024-08-05T08:39:11+00:00\" \/>\n<meta property=\"article:modified_time\" content=\"2024-08-06T10:03:34+00:00\" \/>\n<meta property=\"og:image\" content=\"https:\/\/www.mallorcaleads.com\/wp-content\/uploads\/2024\/08\/salas-para-eventos-en-hoteles-de-mallorca.png\" \/>\n\t<meta property=\"og:image:width\" content=\"1231\" \/>\n\t<meta property=\"og:image:height\" content=\"815\" \/>\n\t<meta property=\"og:image:type\" content=\"image\/png\" \/>\n<meta name=\"author\" content=\"rosunamleads\" \/>\n<meta name=\"twitter:card\" content=\"summary_large_image\" \/>\n<meta name=\"twitter:label1\" content=\"Written by\" \/>\n\t<meta name=\"twitter:data1\" content=\"rosunamleads\" \/>\n\t<meta name=\"twitter:label2\" content=\"Est. reading time\" \/>\n\t<meta name=\"twitter:data2\" content=\"3 minutes\" \/>\n<script type=\"application\/ld+json\" class=\"yoast-schema-graph\">{\"@context\":\"https:\/\/schema.org\",\"@graph\":[{\"@type\":\"Article\",\"@id\":\"https:\/\/www.mallorcaleads.com\/en\/magazine\/mallorca-en\/rooms-for-events-in-hotels-in-mallorca\/#article\",\"isPartOf\":{\"@id\":\"https:\/\/www.mallorcaleads.com\/en\/magazine\/mallorca-en\/rooms-for-events-in-hotels-in-mallorca\/\"},\"author\":{\"name\":\"rosunamleads\",\"@id\":\"https:\/\/www.mallorcaleads.com\/en\/#\/schema\/person\/506e19bbccf358e672526d089c3827be\"},\"headline\":\"Hotels with rooms for corporate events in Mallorca\",\"datePublished\":\"2024-08-05T08:39:11+00:00\",\"dateModified\":\"2024-08-06T10:03:34+00:00\",\"mainEntityOfPage\":{\"@id\":\"https:\/\/www.mallorcaleads.com\/en\/magazine\/mallorca-en\/rooms-for-events-in-hotels-in-mallorca\/\"},\"wordCount\":581,\"publisher\":{\"@id\":\"https:\/\/www.mallorcaleads.com\/en\/#organization\"},\"image\":{\"@id\":\"https:\/\/www.mallorcaleads.com\/en\/magazine\/mallorca-en\/rooms-for-events-in-hotels-in-mallorca\/#primaryimage\"},\"thumbnailUrl\":\"https:\/\/www.mallorcaleads.com\/wp-content\/uploads\/2024\/08\/salas-para-eventos-en-hoteles-de-mallorca.png\",\"articleSection\":[\"Events\",\"Mallorca\",\"Trends\"],\"inLanguage\":\"en-US\"},{\"@type\":\"WebPage\",\"@id\":\"https:\/\/www.mallorcaleads.com\/en\/magazine\/mallorca-en\/rooms-for-events-in-hotels-in-mallorca\/\",\"url\":\"https:\/\/www.mallorcaleads.com\/en\/magazine\/mallorca-en\/rooms-for-events-in-hotels-in-mallorca\/\",\"name\":\"Rooms for events in hotels in Mallorca - MallorcaLeads\",\"isPartOf\":{\"@id\":\"https:\/\/www.mallorcaleads.com\/en\/#website\"},\"primaryImageOfPage\":{\"@id\":\"https:\/\/www.mallorcaleads.com\/en\/magazine\/mallorca-en\/rooms-for-events-in-hotels-in-mallorca\/#primaryimage\"},\"image\":{\"@id\":\"https:\/\/www.mallorcaleads.com\/en\/magazine\/mallorca-en\/rooms-for-events-in-hotels-in-mallorca\/#primaryimage\"},\"thumbnailUrl\":\"https:\/\/www.mallorcaleads.com\/wp-content\/uploads\/2024\/08\/salas-para-eventos-en-hoteles-de-mallorca.png\",\"datePublished\":\"2024-08-05T08:39:11+00:00\",\"dateModified\":\"2024-08-06T10:03:34+00:00\",\"description\":\"The Best Event Venues in Mallorca Hotels: Quality Spaces and Services for Conferences and Business Meetings in a Unique Setting. Discover Them Now!\",\"breadcrumb\":{\"@id\":\"https:\/\/www.mallorcaleads.com\/en\/magazine\/mallorca-en\/rooms-for-events-in-hotels-in-mallorca\/#breadcrumb\"},\"inLanguage\":\"en-US\",\"potentialAction\":[{\"@type\":\"ReadAction\",\"target\":[\"https:\/\/www.mallorcaleads.com\/en\/magazine\/mallorca-en\/rooms-for-events-in-hotels-in-mallorca\/\"]}]},{\"@type\":\"ImageObject\",\"inLanguage\":\"en-US\",\"@id\":\"https:\/\/www.mallorcaleads.com\/en\/magazine\/mallorca-en\/rooms-for-events-in-hotels-in-mallorca\/#primaryimage\",\"url\":\"https:\/\/www.mallorcaleads.com\/wp-content\/uploads\/2024\/08\/salas-para-eventos-en-hoteles-de-mallorca.png\",\"contentUrl\":\"https:\/\/www.mallorcaleads.com\/wp-content\/uploads\/2024\/08\/salas-para-eventos-en-hoteles-de-mallorca.png\",\"width\":1231,\"height\":815},{\"@type\":\"BreadcrumbList\",\"@id\":\"https:\/\/www.mallorcaleads.com\/en\/magazine\/mallorca-en\/rooms-for-events-in-hotels-in-mallorca\/#breadcrumb\",\"itemListElement\":[{\"@type\":\"ListItem\",\"position\":1,\"name\":\"Portada\",\"item\":\"https:\/\/www.mallorcaleads.com\/en\/\"},{\"@type\":\"ListItem\",\"position\":2,\"name\":\"Hotels with rooms for corporate events in Mallorca\"}]},{\"@type\":\"WebSite\",\"@id\":\"https:\/\/www.mallorcaleads.com\/en\/#website\",\"url\":\"https:\/\/www.mallorcaleads.com\/en\/\",\"name\":\"MallorcaLeads\",\"description\":\"Organizaci\u00f3n de eventos en Mallorca. Consultor\u00eda gratuita.\",\"publisher\":{\"@id\":\"https:\/\/www.mallorcaleads.com\/en\/#organization\"},\"potentialAction\":[{\"@type\":\"SearchAction\",\"target\":{\"@type\":\"EntryPoint\",\"urlTemplate\":\"https:\/\/www.mallorcaleads.com\/en\/?s={search_term_string}\"},\"query-input\":{\"@type\":\"PropertyValueSpecification\",\"valueRequired\":true,\"valueName\":\"search_term_string\"}}],\"inLanguage\":\"en-US\"},{\"@type\":\"Organization\",\"@id\":\"https:\/\/www.mallorcaleads.com\/en\/#organization\",\"name\":\"Mallorcaleads\",\"url\":\"https:\/\/www.mallorcaleads.com\/en\/\",\"logo\":{\"@type\":\"ImageObject\",\"inLanguage\":\"en-US\",\"@id\":\"https:\/\/www.mallorcaleads.com\/en\/#\/schema\/logo\/image\/\",\"url\":\"https:\/\/www.mallorcaleads.com\/wp-content\/uploads\/2023\/12\/mallorcaleads-logo-negro.svg\",\"contentUrl\":\"https:\/\/www.mallorcaleads.com\/wp-content\/uploads\/2023\/12\/mallorcaleads-logo-negro.svg\",\"width\":\"1024\",\"height\":\"1024\",\"caption\":\"Mallorcaleads\"},\"image\":{\"@id\":\"https:\/\/www.mallorcaleads.com\/en\/#\/schema\/logo\/image\/\"},\"sameAs\":[\"https:\/\/www.facebook.com\/mallorcaleads\/\",\"https:\/\/www.instagram.com\/mallorcaleads\/\",\"https:\/\/es.linkedin.com\/company\/mallorcaleads\",\"https:\/\/www.youtube.com\/channel\/UCHsLT6PzPAiCSK8vEsAYoMg\/videos?sort=dd&shelf_id=0\"]},{\"@type\":\"Person\",\"@id\":\"https:\/\/www.mallorcaleads.com\/en\/#\/schema\/person\/506e19bbccf358e672526d089c3827be\",\"name\":\"rosunamleads\"}]}<\/script>\n<!-- \/ Yoast SEO plugin. -->","yoast_head_json":{"title":"Rooms for events in hotels in Mallorca - MallorcaLeads","description":"The Best Event Venues in Mallorca Hotels: Quality Spaces and Services for Conferences and Business Meetings in a Unique Setting. Discover Them Now!","robots":{"index":"index","follow":"follow","max-snippet":"max-snippet:-1","max-image-preview":"max-image-preview:large","max-video-preview":"max-video-preview:-1"},"canonical":"https:\/\/www.mallorcaleads.com\/en\/magazine\/mallorca-en\/rooms-for-events-in-hotels-in-mallorca\/","og_locale":"en_US","og_type":"article","og_title":"Rooms for events in hotels in Mallorca - MallorcaLeads","og_description":"The Best Event Venues in Mallorca Hotels: Quality Spaces and Services for Conferences and Business Meetings in a Unique Setting. Discover Them Now!","og_url":"https:\/\/www.mallorcaleads.com\/en\/magazine\/mallorca-en\/rooms-for-events-in-hotels-in-mallorca\/","og_site_name":"MallorcaLeads","article_publisher":"https:\/\/www.facebook.com\/mallorcaleads\/","article_published_time":"2024-08-05T08:39:11+00:00","article_modified_time":"2024-08-06T10:03:34+00:00","og_image":[{"width":1231,"height":815,"url":"https:\/\/www.mallorcaleads.com\/wp-content\/uploads\/2024\/08\/salas-para-eventos-en-hoteles-de-mallorca.png","type":"image\/png"}],"author":"rosunamleads","twitter_card":"summary_large_image","twitter_misc":{"Written by":"rosunamleads","Est. reading time":"3 minutes"},"schema":{"@context":"https:\/\/schema.org","@graph":[{"@type":"Article","@id":"https:\/\/www.mallorcaleads.com\/en\/magazine\/mallorca-en\/rooms-for-events-in-hotels-in-mallorca\/#article","isPartOf":{"@id":"https:\/\/www.mallorcaleads.com\/en\/magazine\/mallorca-en\/rooms-for-events-in-hotels-in-mallorca\/"},"author":{"name":"rosunamleads","@id":"https:\/\/www.mallorcaleads.com\/en\/#\/schema\/person\/506e19bbccf358e672526d089c3827be"},"headline":"Hotels with rooms for corporate events in Mallorca","datePublished":"2024-08-05T08:39:11+00:00","dateModified":"2024-08-06T10:03:34+00:00","mainEntityOfPage":{"@id":"https:\/\/www.mallorcaleads.com\/en\/magazine\/mallorca-en\/rooms-for-events-in-hotels-in-mallorca\/"},"wordCount":581,"publisher":{"@id":"https:\/\/www.mallorcaleads.com\/en\/#organization"},"image":{"@id":"https:\/\/www.mallorcaleads.com\/en\/magazine\/mallorca-en\/rooms-for-events-in-hotels-in-mallorca\/#primaryimage"},"thumbnailUrl":"https:\/\/www.mallorcaleads.com\/wp-content\/uploads\/2024\/08\/salas-para-eventos-en-hoteles-de-mallorca.png","articleSection":["Events","Mallorca","Trends"],"inLanguage":"en-US"},{"@type":"WebPage","@id":"https:\/\/www.mallorcaleads.com\/en\/magazine\/mallorca-en\/rooms-for-events-in-hotels-in-mallorca\/","url":"https:\/\/www.mallorcaleads.com\/en\/magazine\/mallorca-en\/rooms-for-events-in-hotels-in-mallorca\/","name":"Rooms for events in hotels in Mallorca - MallorcaLeads","isPartOf":{"@id":"https:\/\/www.mallorcaleads.com\/en\/#website"},"primaryImageOfPage":{"@id":"https:\/\/www.mallorcaleads.com\/en\/magazine\/mallorca-en\/rooms-for-events-in-hotels-in-mallorca\/#primaryimage"},"image":{"@id":"https:\/\/www.mallorcaleads.com\/en\/magazine\/mallorca-en\/rooms-for-events-in-hotels-in-mallorca\/#primaryimage"},"thumbnailUrl":"https:\/\/www.mallorcaleads.com\/wp-content\/uploads\/2024\/08\/salas-para-eventos-en-hoteles-de-mallorca.png","datePublished":"2024-08-05T08:39:11+00:00","dateModified":"2024-08-06T10:03:34+00:00","description":"The Best Event Venues in Mallorca Hotels: Quality Spaces and Services for Conferences and Business Meetings in a Unique Setting. Discover Them Now!","breadcrumb":{"@id":"https:\/\/www.mallorcaleads.com\/en\/magazine\/mallorca-en\/rooms-for-events-in-hotels-in-mallorca\/#breadcrumb"},"inLanguage":"en-US","potentialAction":[{"@type":"ReadAction","target":["https:\/\/www.mallorcaleads.com\/en\/magazine\/mallorca-en\/rooms-for-events-in-hotels-in-mallorca\/"]}]},{"@type":"ImageObject","inLanguage":"en-US","@id":"https:\/\/www.mallorcaleads.com\/en\/magazine\/mallorca-en\/rooms-for-events-in-hotels-in-mallorca\/#primaryimage","url":"https:\/\/www.mallorcaleads.com\/wp-content\/uploads\/2024\/08\/salas-para-eventos-en-hoteles-de-mallorca.png","contentUrl":"https:\/\/www.mallorcaleads.com\/wp-content\/uploads\/2024\/08\/salas-para-eventos-en-hoteles-de-mallorca.png","width":1231,"height":815},{"@type":"BreadcrumbList","@id":"https:\/\/www.mallorcaleads.com\/en\/magazine\/mallorca-en\/rooms-for-events-in-hotels-in-mallorca\/#breadcrumb","itemListElement":[{"@type":"ListItem","position":1,"name":"Portada","item":"https:\/\/www.mallorcaleads.com\/en\/"},{"@type":"ListItem","position":2,"name":"Hotels with rooms for corporate events in Mallorca"}]},{"@type":"WebSite","@id":"https:\/\/www.mallorcaleads.com\/en\/#website","url":"https:\/\/www.mallorcaleads.com\/en\/","name":"MallorcaLeads","description":"Organizaci\u00f3n de eventos en Mallorca. Consultor\u00eda gratuita.","publisher":{"@id":"https:\/\/www.mallorcaleads.com\/en\/#organization"},"potentialAction":[{"@type":"SearchAction","target":{"@type":"EntryPoint","urlTemplate":"https:\/\/www.mallorcaleads.com\/en\/?s={search_term_string}"},"query-input":{"@type":"PropertyValueSpecification","valueRequired":true,"valueName":"search_term_string"}}],"inLanguage":"en-US"},{"@type":"Organization","@id":"https:\/\/www.mallorcaleads.com\/en\/#organization","name":"Mallorcaleads","url":"https:\/\/www.mallorcaleads.com\/en\/","logo":{"@type":"ImageObject","inLanguage":"en-US","@id":"https:\/\/www.mallorcaleads.com\/en\/#\/schema\/logo\/image\/","url":"https:\/\/www.mallorcaleads.com\/wp-content\/uploads\/2023\/12\/mallorcaleads-logo-negro.svg","contentUrl":"https:\/\/www.mallorcaleads.com\/wp-content\/uploads\/2023\/12\/mallorcaleads-logo-negro.svg","width":"1024","height":"1024","caption":"Mallorcaleads"},"image":{"@id":"https:\/\/www.mallorcaleads.com\/en\/#\/schema\/logo\/image\/"},"sameAs":["https:\/\/www.facebook.com\/mallorcaleads\/","https:\/\/www.instagram.com\/mallorcaleads\/","https:\/\/es.linkedin.com\/company\/mallorcaleads","https:\/\/www.youtube.com\/channel\/UCHsLT6PzPAiCSK8vEsAYoMg\/videos?sort=dd&shelf_id=0"]},{"@type":"Person","@id":"https:\/\/www.mallorcaleads.com\/en\/#\/schema\/person\/506e19bbccf358e672526d089c3827be","name":"rosunamleads"}]}},"_links":{"self":[{"href":"https:\/\/www.mallorcaleads.com\/en\/wp-json\/wp\/v2\/posts\/31344","targetHints":{"allow":["GET"]}}],"collection":[{"href":"https:\/\/www.mallorcaleads.com\/en\/wp-json\/wp\/v2\/posts"}],"about":[{"href":"https:\/\/www.mallorcaleads.com\/en\/wp-json\/wp\/v2\/types\/post"}],"author":[{"embeddable":true,"href":"https:\/\/www.mallorcaleads.com\/en\/wp-json\/wp\/v2\/users\/5"}],"replies":[{"embeddable":true,"href":"https:\/\/www.mallorcaleads.com\/en\/wp-json\/wp\/v2\/comments?post=31344"}],"version-history":[{"count":5,"href":"https:\/\/www.mallorcaleads.com\/en\/wp-json\/wp\/v2\/posts\/31344\/revisions"}],"predecessor-version":[{"id":31367,"href":"https:\/\/www.mallorcaleads.com\/en\/wp-json\/wp\/v2\/posts\/31344\/revisions\/31367"}],"wp:featuredmedia":[{"embeddable":true,"href":"https:\/\/www.mallorcaleads.com\/en\/wp-json\/wp\/v2\/media\/31347"}],"wp:attachment":[{"href":"https:\/\/www.mallorcaleads.com\/en\/wp-json\/wp\/v2\/media?parent=31344"}],"wp:term":[{"taxonomy":"category","embeddable":true,"href":"https:\/\/www.mallorcaleads.com\/en\/wp-json\/wp\/v2\/categories?post=31344"},{"taxonomy":"post_tag","embeddable":true,"href":"https:\/\/www.mallorcaleads.com\/en\/wp-json\/wp\/v2\/tags?post=31344"}],"curies":[{"name":"wp","href":"https:\/\/api.w.org\/{rel}","templated":true}]}}